{"id":6507,"date":"2025-10-19T13:25:05","date_gmt":"2025-10-19T11:25:05","guid":{"rendered":"https:\/\/175er-verlag.org\/.recherchiert\/?p=6507"},"modified":"2025-12-01T20:50:46","modified_gmt":"2025-12-01T19:50:46","slug":"%f0%9f%87%ad%f0%9f%87%ba-nem-ugy-van-ahogy-van-%f0%9f%87%a9%f0%9f%87%aa-es-ist-nicht-so-wie-es-ist","status":"publish","type":"post","link":"https:\/\/175er-verlag.org\/.recherchiert\/archive\/6507","title":{"rendered":"\ud83c\udded\ud83c\uddfa Nem \u00fagy van, ahogy van! \ud83c\udde9\ud83c\uddea RoZe-Kommentar: Es ist nicht so wie es&nbsp;ist!"},"content":{"rendered":"\n<div class=\"wp-block-columns is-layout-flex wp-container-core-columns-is-layout-8f761849 wp-block-columns-is-layout-flex\">\n<div class=\"wp-block-column is-layout-flow wp-block-column-is-layout-flow\" style=\"flex-basis:33.33%\">\n<figure data-wp-context=\"{&quot;imageId&quot;:&quot;69ef42accf9e9&quot;}\" data-wp-interactive=\"core\/image\" data-wp-key=\"69ef42accf9e9\" class=\"wp-block-image size-full wp-lightbox-container\"><img loading=\"lazy\" decoding=\"async\" width=\"1910\" height=\"1120\" data-wp-class--hide=\"state.isContentHidden\" data-wp-class--show=\"state.isContentVisible\" data-wp-init=\"callbacks.setButtonStyles\" data-wp-on--click=\"actions.showLightbox\" data-wp-on--load=\"callbacks.setButtonStyles\" data-wp-on--pointerdown=\"actions.preloadImage\" data-wp-on--pointerenter=\"actions.preloadImageWithDelay\" data-wp-on--pointerleave=\"actions.cancelPreload\" data-wp-on-window--resize=\"callbacks.setButtonStyles\" src=\"https:\/\/175er-verlag.org\/.recherchiert\/wp-content\/uploads\/2025\/10\/Ujudvar-2025-10-18-2-2.jpeg\" alt class=\"wp-image-6532\" srcset=\"https:\/\/175er-verlag.org\/.recherchiert\/wp-content\/uploads\/2025\/10\/Ujudvar-2025-10-18-2-2.jpeg 1910w, https:\/\/175er-verlag.org\/.recherchiert\/wp-content\/uploads\/2025\/10\/Ujudvar-2025-10-18-2-2-300x176.jpeg 300w, https:\/\/175er-verlag.org\/.recherchiert\/wp-content\/uploads\/2025\/10\/Ujudvar-2025-10-18-2-2-1024x600.jpeg 1024w, https:\/\/175er-verlag.org\/.recherchiert\/wp-content\/uploads\/2025\/10\/Ujudvar-2025-10-18-2-2-768x450.jpeg 768w, https:\/\/175er-verlag.org\/.recherchiert\/wp-content\/uploads\/2025\/10\/Ujudvar-2025-10-18-2-2-1536x901.jpeg 1536w, https:\/\/175er-verlag.org\/.recherchiert\/wp-content\/uploads\/2025\/10\/Ujudvar-2025-10-18-2-2-600x352.jpeg 600w\" sizes=\"auto, (max-width: 1910px) 100vw, 1910px\"><button class=\"lightbox-trigger\" type=\"button\" aria-haspopup=\"dialog\" data-wp-bind--aria-label=\"state.thisImage.triggerButtonAriaLabel\" data-wp-init=\"callbacks.initTriggerButton\" data-wp-on--click=\"actions.showLightbox\" data-wp-style--right=\"state.thisImage.buttonRight\" data-wp-style--top=\"state.thisImage.buttonTop\">\n\t\t\t<svg width=\"12\" height=\"12\" fill=\"none\" viewBox=\"0 0 12 12\">\n\t\t\t\t<path fill=\"#fff\" d=\"M2 0a2 2 0 0 0-2 2v2h1.5V2a.5.5 0 0 1 .5-.5h2V0H2Zm2 10.5H2a.5.5 0 0 1-.5-.5V8H0v2a2 2 0 0 0 2 2h2v-1.5ZM8 12v-1.5h2a.5.5 0 0 0 .5-.5V8H12v2a2 2 0 0 1-2 2H8Zm2-12a2 2 0 0 1 2 2v2h-1.5V2a.5.5 0 0 0-.5-.5H8V0h2Z\" \/>\n\t\t\t<\/svg>\n\t\t<\/button><\/figure>\n<\/div>\n\n\n\n<div class=\"wp-block-column is-layout-flow wp-block-column-is-layout-flow\" style=\"flex-basis:66.66%\">\n<p class=\"wp-block-paragraph\"><strong>\ud83c\udded\ud83c\uddfa \u00dagy t\u0171nik, j\u00f3 hagyom\u00e1n\u00adny\u00e1 v\u00e1lt, hogy biz\u00adon\u00ady\u00ados pill\u00adana\u00adto\u00adkat \u00dajudv\u00adar\u00adban ink\u00e1bb kiha\u00adgy\u00adnak a&nbsp;f\u00e9ny\u00adk\u00e9\u00adpe\u00adz\u00e9s\u00adb\u0151l, mint\u00adsem hogy a&nbsp;k\u00f6z\u00ads\u00e9\u00adgi arch\u00ed\u00advum\u00adban hely\u00adet kap\u00adja\u00adnak.<br><br>\ud83c\udde9\ud83c\uddea Es ist nicht so wie es ist! Es scheint inzwi\u00adschen gute Tra\u00addi\u00adti\u00adon gewor\u00adden zu sein, da\u00df gewis\u00adse Momen\u00adte in \u00dajud\u00advar foto\u00adgra\u00adfisch lie\u00adber aus\u00adge\u00adlas\u00adsen wer\u00adden, als da\u00df sie je im Gemein\u00adde\u00adar\u00adchiv Platz f\u00e4nden.<br><br><\/strong><\/p>\n<\/div>\n<\/div>\n\n\n\n<div class=\"wp-block-columns is-layout-flex wp-container-core-columns-is-layout-8f761849 wp-block-columns-is-layout-flex\">\n<div class=\"wp-block-column is-layout-flow wp-block-column-is-layout-flow\">\n<p class=\"wp-block-paragraph\"><strong>\ud83c\udded\ud83c\uddfa M\u00e1r 2024 m\u00e1so\u00addik advent\u00adj\u00e9n <\/strong><br>is \u00edgy t\u00f6r\u00adt\u00e9nt, ami\u00adkor kar\u00e1c\u00adsonyi dalo\u00admat adtam el\u0151 \u00dajud\u00advar sz\u00edn\u00adpa\u00add\u00e1n, \u00e9s ugyan\u00ed\u00adgy szep\u00adtem\u00adber 6\u2011\u00e9n, a&nbsp;hagyom\u00e1\u00adn\u00ady\u00ados fal\u00adu\u00adn\u00ada\u00adpon, ami\u00adkor fel\u00adl\u00e9\u00adp\u00e9\u00adsem \u2013 k\u00e9t dal bemu\u00adta\u00adt\u00e1\u00adsa (\u201eSzent Rita \u00dajud\u00adva\u00adron\u201c \u00e9s \u201e\u00dajud\u00advar Hym\u00adnusz\u201c) \u2013 l\u00e1t\u00adha\u00adt\u00f3an nem volt \u00e9rde\u00admes r\u00f6g\u00adz\u00ed\u00adt\u00e9s\u00adre. \u00c9s tegnap, 2025. okt\u00f3\u00adber 18-\u00e1n a&nbsp;piac\u00adt\u00e9\u00adren is ugyan\u00ed\u00adgy: stan\u00addom alig volt \u00e9szre\u00adve\u00adhetet\u00adlen, m\u00e9gis tel\u00adje\u00adsen l\u00e1t\u00adhat\u00adat\u00adlan maradt a&nbsp;most k\u00f6z\u00adz\u00e9\u00adtett Facebook-k\u00e9pgal\u00e9ri\u00e1ban.<br><\/p>\n\n\n\n<p class=\"wp-block-paragraph\"><strong>Ter\u00adm\u00e9s\u00adze\u00adte\u00adsen nem kell <\/strong><br>min\u00addent k\u00e9p\u00adpel meg\u00f6r\u00ad\u00f6k\u00ed\u00adte\u00adni; n\u00e9ha azon\u00adban \u00f6r\u00f6m\u00adte\u00adli vol\u00adna, ha a&nbsp;kame\u00adra m\u00f6g\u00f6t\u00adti szem oda is n\u00e9z\u00adne, ahol val\u00f3\u00adban t\u00f6r\u00adt\u00e9\u00adnik vala\u00admi \u2013 \u00e9s nem csup\u00e1n oda, ahol vala\u00adki \u00e9ppen fel\u00e1ll.<\/p>\n\n\n\n<p class=\"wp-block-paragraph\">Nem tartok ig\u00e9\u00adnyt nyil\u00adv\u00e1\u00adnos elis\u00adme\u00adr\u00e9s\u00adre \u2013 ez sz\u00e1\u00admom\u00adra k\u00f6z\u00f6m\u00adb\u00f6s; t\u00f6bb\u00adny\u00adire a&nbsp;h\u00e1t\u00adt\u00e9rben tev\u00e9\u00adke\u00adny\u00adke\u00addem. Amit tes\u00adzek \u2013 \u00e9s ez \u00dajud\u00advar\u00adra is \u00e9rv\u00e9\u00adnyes \u2013 bels\u0151 ind\u00edt\u00adta\u00adt\u00e1s\u00adb\u00f3l t\u00f6r\u00adt\u00e9\u00adnik, nem taps\u00adv\u00e1\u00adr\u00e1s\u00adb\u00f3l. <br>Ennek elle\u00adn\u00e9\u00adre meg\u00adjegyez\u00adhe\u00adtem, hogy a&nbsp;udva\u00adri\u00adas\u00ads\u00e1g n\u00e9ha a&nbsp;f\u00e9ny\u00adk\u00e9\u00adpe\u00adz\u0151\u00adg\u00e9p kiol\u00add\u00f3\u00adj\u00e1\u00adnak egyszer\u0171 megn\u00adyom\u00e1\u00ads\u00e1\u00adban is megnyilv\u00e1nulhat.<br><\/p>\n\n\n\n<p class=\"wp-block-paragraph\"><strong>A falub\u00adan \u00e9l\u0151 embe\u00adrek elis\u00adme\u00adr\u00e9\u00adse,<\/strong> <br>akik l\u00e1t\u00adj\u00e1k a&nbsp;mun\u00adk\u00e1\u00admat, sz\u00e1\u00admom\u00adra \u00edgy is ele\u00adgen\u00add\u0151. Bar\u00e1ts\u00e1\u00adgos \u00e9s \u0151szin\u00adte sza\u00adva\u00adik min\u00adden p\u00f3zol\u00f3 cso\u00adport\u00adk\u00e9\u00adpet fel\u00fcl\u00adm\u00fal\u00adnak. <br><br><strong>\u00cdgy h\u00e1t legy\u00aden: <\/strong><br>a&nbsp;k\u00f6z\u00ads\u00e9\u00adgi f\u00e9ny\u00adk\u00e9\u00adp\u00e9\u00adsz lenc\u00ads\u00e9\u00adje nyu\u00adgod\u00adtan tov\u00e1bb\u00adhalad\u00adhat, mert \u00e9n a&nbsp;sz\u00edv\u00adb\u0151l j\u00f6v\u0151 \u00fajud\u00adva\u00adri tev\u00e9\u00adke\u00adny\u00ads\u00e9\u00adge\u00adim<br><em>(k\u00e9pesl\u00adapok, szent\u00adk\u00e9pek, h\u00e1rom dal, eddig egy gyer\u00admek\u00adk\u00f6nyv \u2013 feln\u0151t\u00adte\u00adknek is -, tov\u00e1b\u00adbi\u00adak k\u00e9s\u00adz\u00fcl\u00adnek)<\/em><br>eml\u00e9\u00adk\u00e9t sz\u00ed\u00adve\u00adseb\u00adben r\u00f6g\u00adz\u00ed\u00adtem magam. <br>\u00cdgy a&nbsp;f\u00e9ny\u00adk\u00e9\u00adpei\u00admen a&nbsp;j\u00f6v\u0151\u00adben is l\u00e1t\u00adha\u00adt\u00f3 lesz, mi is t\u00f6r\u00adt\u00e9nt val\u00f3j\u00e1ban.<br><\/p>\n\n\n\n<p class=\"wp-block-paragraph\"><strong><em>Min\u00adden\u00adki\u00adnek min\u00adden&nbsp;j\u00f3t!<\/em><\/strong><\/p>\n<\/div>\n\n\n\n<div class=\"wp-block-column is-layout-flow wp-block-column-is-layout-flow\">\n<p class=\"wp-block-paragraph\"><strong>\ud83c\udde9\ud83c\uddea So war es bereits am 2. Advent 2024,<\/strong> <br>als ich mein Weih\u00adnachts\u00adlied f\u00fcr \u00dajud\u00advar auf der B\u00fch\u00adne vor\u00adstell\u00adte und so war es auch am 6. Sep\u00adtem\u00adber beim j\u00e4hr\u00adli\u00adchen Dorf\u00adfest, als mein Auf\u00adtritt \u2013 die Vor\u00adstel\u00adlung zwei\u00ader Lie\u00adder (\u201eSzent Rita \u00dajud\u00adva\u00adron\u201c und \u201e\u00dajud\u00advar Hym\u00adnusz\u201c) \u2013 kei\u00adner Auf\u00adnah\u00adme w\u00fcr\u00addig war. Und ges\u00adtern, am 18. Okto\u00adber 2025, eben\u00adso auf dem Markt\u00adplatz: mein Stand war kaum zu \u00fcber\u00adse\u00adhen und doch blieb er in der nun ver\u00ad\u00f6f\u00adfent\u00adlich\u00adten Face\u00adbook-Bil\u00adder\u00adga\u00adle\u00adrie g\u00e4nz\u00adlich unsichtbar.<br><\/p>\n\n\n\n<p class=\"wp-block-paragraph\"><strong>Nat\u00fcr\u00adlich mu\u00df nicht alles<\/strong>, <br>was geschieht, im Bild fest\u00adge\u00adhal\u00adten wer\u00adden; doch manch\u00admal w\u00e4re es erfreu\u00adlich, wenn das Auge hin\u00adter der Kame\u00adra auch dort hin\u00ads\u00e4\u00adhe, wo tat\u00ads\u00e4ch\u00adlich etwas geschieht \u2013 und nicht nur, wo sich etwas stellt.<\/p>\n\n\n\n<p class=\"wp-block-paragraph\">Ich erhe\u00adbe kei\u00adnen Anspruch auf \u00f6ffent\u00adli\u00adche W\u00fcr\u00addi\u00adgung \u2013 das ist mir wurscht; ich wir\u00adke zumeist im Hin\u00adter\u00adgrund. Was ich tue (und das gilt auch f\u00fcr \u00dajud\u00advar) geschieht aus inne\u00adrem Antrieb, nicht aus dem Wunsch nach Bei\u00adfall. Den\u00adnoch darf ich wohl anmer\u00adken, da\u00df H\u00f6f\u00adlich\u00adkeit bis\u00adwei\u00adlen auch im schlich\u00adten Dr\u00fc\u00adcken des Aus\u00adl\u00f6\u00adsers einer Kame\u00adra bestehen kann.<br><\/p>\n\n\n\n<p class=\"wp-block-paragraph\"><strong>Die Aner\u00adken\u00adnung der Men\u00adschen hier im Ort, <\/strong><br>die mein Tun wahr\u00adneh\u00admen, gen\u00fcgt mir ohne\u00adhin. Ihre freund\u00adli\u00adchen und ehr\u00adli\u00adchen Wor\u00adte erset\u00adzen jedes gestell\u00adte Grup\u00adpen\u00adfo\u00adto.<br><br><strong>Und so sei es denn: <\/strong><br>k\u00fcnf\u00adtig darf die Lin\u00adse der Gemein\u00adde\u00adfo\u00adto\u00adgra\u00adfin getrost wei\u00adter\u00adzie\u00adhen, denn ich hal\u00adte die Erin\u00adne\u00adrung an mei\u00adne von Her\u00adzen kom\u00admen\u00adden Enga\u00adge\u00adments f\u00fcr \u00dajud\u00advar <br><em>(Post\u00adkar\u00adten, Hei\u00adli\u00adgen\u00adbil\u00adder, drei Lie\u00adder, bis\u00adlang ein Kin\u00adder\u00adbuch \u2013 auch f\u00fcr Erwach\u00adse\u00adne -, wei\u00adte\u00adres ist in Pla\u00adnung) <\/em><br>lie\u00adber selbst fest. <br>So sehe ich auf die\u00adsen Bil\u00addern wenigs\u00adtens auch in Zukunft noch, was wirk\u00adlich&nbsp;war.<br><\/p>\n\n\n\n<p class=\"wp-block-paragraph\"><strong><em>Allen alles&nbsp;Gute!<\/em><\/strong><\/p>\n<\/div>\n<\/div>\n\n\n\n<p class=\"wp-block-paragraph\"><br><\/p>\n\n\n\n<p class=\"has-text-align-center wp-block-paragraph\"><strong>Rosa von Zehn\u00adle \u00far<\/strong><br><em>\u00d9jud\u00advar, 2025.10.19<\/em><br><\/p>\n\n\n\n<p class=\"has-text-align-center wp-block-paragraph\"><a href=\"https:\/\/175er-verlag.org\/.recherchiert\/archive\/6507\" target=\"_blank\" rel=\"noreferrer noopener\">https:\/\/175er-verlag.org\/.recherchiert\/archive\/6507<\/a><br><a href=\"https:\/\/1956-hirek.org\/6507\">https:\/\/1956-hirek.org\/6507<\/a><br><\/p>\n\n\n<div class=\"wp-block-image\">\n<figure data-wp-context=\"{&quot;imageId&quot;:&quot;69ef42acd105f&quot;}\" data-wp-interactive=\"core\/image\" data-wp-key=\"69ef42acd105f\" class=\"aligncenter size-full wp-lightbox-container\"><img loading=\"lazy\" decoding=\"async\" width=\"1328\" height=\"1320\" data-wp-class--hide=\"state.isContentHidden\" data-wp-class--show=\"state.isContentVisible\" data-wp-init=\"callbacks.setButtonStyles\" data-wp-on--click=\"actions.showLightbox\" data-wp-on--load=\"callbacks.setButtonStyles\" data-wp-on--pointerdown=\"actions.preloadImage\" data-wp-on--pointerenter=\"actions.preloadImageWithDelay\" data-wp-on--pointerleave=\"actions.cancelPreload\" data-wp-on-window--resize=\"callbacks.setButtonStyles\" src=\"https:\/\/175er-verlag.org\/.recherchiert\/wp-content\/uploads\/2025\/10\/Ujudvar-2025-10-18-0-1.jpeg\" alt class=\"wp-image-6524\" srcset=\"https:\/\/175er-verlag.org\/.recherchiert\/wp-content\/uploads\/2025\/10\/Ujudvar-2025-10-18-0-1.jpeg 1328w, https:\/\/175er-verlag.org\/.recherchiert\/wp-content\/uploads\/2025\/10\/Ujudvar-2025-10-18-0-1-300x298.jpeg 300w, https:\/\/175er-verlag.org\/.recherchiert\/wp-content\/uploads\/2025\/10\/Ujudvar-2025-10-18-0-1-1024x1018.jpeg 1024w, https:\/\/175er-verlag.org\/.recherchiert\/wp-content\/uploads\/2025\/10\/Ujudvar-2025-10-18-0-1-150x150.jpeg 150w, https:\/\/175er-verlag.org\/.recherchiert\/wp-content\/uploads\/2025\/10\/Ujudvar-2025-10-18-0-1-768x763.jpeg 768w, https:\/\/175er-verlag.org\/.recherchiert\/wp-content\/uploads\/2025\/10\/Ujudvar-2025-10-18-0-1-600x596.jpeg 600w, https:\/\/175er-verlag.org\/.recherchiert\/wp-content\/uploads\/2025\/10\/Ujudvar-2025-10-18-0-1-100x100.jpeg 100w\" sizes=\"auto, (max-width: 1328px) 100vw, 1328px\"><button class=\"lightbox-trigger\" type=\"button\" aria-haspopup=\"dialog\" data-wp-bind--aria-label=\"state.thisImage.triggerButtonAriaLabel\" data-wp-init=\"callbacks.initTriggerButton\" data-wp-on--click=\"actions.showLightbox\" data-wp-style--right=\"state.thisImage.buttonRight\" data-wp-style--top=\"state.thisImage.buttonTop\">\n\t\t\t<svg width=\"12\" height=\"12\" fill=\"none\" viewBox=\"0 0 12 12\">\n\t\t\t\t<path fill=\"#fff\" d=\"M2 0a2 2 0 0 0-2 2v2h1.5V2a.5.5 0 0 1 .5-.5h2V0H2Zm2 10.5H2a.5.5 0 0 1-.5-.5V8H0v2a2 2 0 0 0 2 2h2v-1.5ZM8 12v-1.5h2a.5.5 0 0 0 .5-.5V8H12v2a2 2 0 0 1-2 2H8Zm2-12a2 2 0 0 1 2 2v2h-1.5V2a.5.5 0 0 0-.5-.5H8V0h2Z\" \/>\n\t\t\t<\/svg>\n\t\t<\/button><\/figure>\n<\/div>\n\n\n<p class=\"wp-block-paragraph\"><\/p>\n<p>Views: 29<\/p>","protected":false},"excerpt":{"rendered":"<p>\ud83c\udded\ud83c\uddfa \u00dagy t\u0171nik, j\u00f3 hagyom\u00e1n\u00adny\u00e1 v\u00e1lt, hogy biz\u00adon\u00ady\u00ados pill\u00adana\u00adto\u00adkat \u00dajudv\u00adar\u00adban ink\u00e1bb kiha\u00adgy\u00adnak a&nbsp;f\u00e9ny\u00adk\u00e9\u00adpe\u00adz\u00e9s\u00adb\u0151l, mint\u00adsem hogy a&nbsp;k\u00f6z\u00ads\u00e9\u00adgi arch\u00ed\u00advum\u00adban hely\u00adet kap\u00adja\u00adnak. \ud83c\udde9\ud83c\uddea Es ist nicht so wie es ist! Es scheint inzwi\u00adschen gute Tra\u00addi\u00adti\u00adon gewor\u00adden zu sein, da\u00df gewis\u00adse Momen\u00adte in \u00dajud\u00advar foto\u00adgra\u00adfisch lie\u00adber aus\u00adge\u00adlas\u00adsen wer\u00adden, als da\u00df sie je im Gemein\u00adde\u00adar\u00adchiv Platz f\u00e4n\u00adden. \ud83c\udded\ud83c\uddfa M\u00e1r&nbsp;2024&nbsp;[\u2026]<\/p>\n","protected":false},"author":1,"featured_media":0,"comment_status":"open","ping_status":"open","sticky":false,"template":"","format":"standard","meta":{"_crdt_document":"","_regular_price":[],"currency_symbol":[],"wp_typography_post_enhancements_disabled":false,"footnotes":""},"categories":[261,1580,2104],"tags":[2116,2105,2120,2106,1359,2125,2124,2111,2129,1267,2121,2123,2112,2107,269,2119,279,2122,2126,1407,1410,2127,2110,2109,933,2117,831,842,1381,2118,2128,2114,2115,281,265,2108,949,2113],"class_list":["post-6507","post","type-post","status-publish","format-standard","hentry","category-texte-zoeveg-de-hu","category-texte-in----szoeveg-itt---","category--kritika--kritiken","tag-advent","tag-archiv","tag-archivum","tag-auftritt","tag-dal","tag-dokumentacio","tag-dokumentation","tag-ereignis","tag-esemeny","tag-feier","tag-fellepes","tag-fenykepesz","tag-fotograf","tag-gemeinde","tag-geschichte","tag-gyujtemeny","tag-hagyomany","tag-halatlansag","tag-hatter","tag-haza","tag-heimat","tag-hely","tag-hintergrund","tag-kamera","tag-karacsony","tag-koezseg","tag-kultur","tag-kultura","tag-lied","tag-moment","tag-pillanat","tag-platz","tag-sammlung","tag-toertenelem","tag-tradition","tag-undankbarkeit","tag-uennep","tag-weihnachten"],"post_slider_layout_featured_media_urls":{"thumbnail":"","post_slider_layout_landscape_large":"","post_slider_layout_portrait_large":"","post_slider_layout_square_large":"","post_slider_layout_landscape":"","post_slider_layout_portrait":"","post_slider_layout_square":"","full":""},"_links":{"self":[{"href":"https:\/\/175er-verlag.org\/.recherchiert\/wp-json\/wp\/v2\/posts\/6507","targetHints":{"allow":["GET"]}}],"collection":[{"href":"https:\/\/175er-verlag.org\/.recherchiert\/wp-json\/wp\/v2\/posts"}],"about":[{"href":"https:\/\/175er-verlag.org\/.recherchiert\/wp-json\/wp\/v2\/types\/post"}],"author":[{"embeddable":true,"href":"https:\/\/175er-verlag.org\/.recherchiert\/wp-json\/wp\/v2\/users\/1"}],"replies":[{"embeddable":true,"href":"https:\/\/175er-verlag.org\/.recherchiert\/wp-json\/wp\/v2\/comments?post=6507"}],"version-history":[{"count":3,"href":"https:\/\/175er-verlag.org\/.recherchiert\/wp-json\/wp\/v2\/posts\/6507\/revisions"}],"predecessor-version":[{"id":6875,"href":"https:\/\/175er-verlag.org\/.recherchiert\/wp-json\/wp\/v2\/posts\/6507\/revisions\/6875"}],"wp:attachment":[{"href":"https:\/\/175er-verlag.org\/.recherchiert\/wp-json\/wp\/v2\/media?parent=6507"}],"wp:term":[{"taxonomy":"category","embeddable":true,"href":"https:\/\/175er-verlag.org\/.recherchiert\/wp-json\/wp\/v2\/categories?post=6507"},{"taxonomy":"post_tag","embeddable":true,"href":"https:\/\/175er-verlag.org\/.recherchiert\/wp-json\/wp\/v2\/tags?post=6507"}],"curies":[{"name":"wp","href":"https:\/\/api.w.org\/{rel}","templated":true}]}}