{"id":4588,"date":"2025-03-14T15:31:34","date_gmt":"2025-03-14T14:31:34","guid":{"rendered":"https:\/\/175er-verlag.org\/.recherchiert\/?p=4588"},"modified":"2025-06-02T14:13:11","modified_gmt":"2025-06-02T12:13:11","slug":"%f0%9f%87%ad%f0%9f%87%ba-info-magyarorszag-1848-as-forradalma-%f0%9f%87%a9%f0%9f%87%aa-info-ungarns-revolution-1848-%f0%9f%87%ba%f0%9f%87%b8-info-hungarys-revolution-of-1848","status":"publish","type":"post","link":"https:\/\/175er-verlag.org\/.recherchiert\/archive\/4588","title":{"rendered":"\ud83c\udded\ud83c\uddfa INFO: Magyarorsz\u00e1g 1848-as forradalma \ud83c\udde9\ud83c\uddea INFO: Ungarns Revolution 1848 \ud83c\uddfa\ud83c\uddf8 INFO: Hungary\u2019s Revolution of&nbsp;1848"},"content":{"rendered":"\n<div class=\"wp-block-columns is-layout-flex wp-container-core-columns-is-layout-8f761849 wp-block-columns-is-layout-flex\">\n<div class=\"wp-block-column is-layout-flow wp-block-column-is-layout-flow\">\n<p class=\"wp-block-paragraph\"><strong>\ud83c\udded\ud83c\uddfa Magyar\u00ador\u00adsz\u00e1g: 1848. m\u00e1r\u00adci\u00adus 15:<\/strong> <strong>\u00c9ne\u00adkem 1848-r\u00f3l \u00e9s k\u00f6ny\u00advem jel\u00adk\u00e9\u00adpes aj\u00e1n\u00add\u00e9k\u00adk\u00e9nt a&nbsp;magyar\u00ads\u00e1\u00adgnak<\/strong>!<br><br><em>\u00c9ne\u00adkem az 1848-as magyar for\u00adra\u00adda\u00adlom\u00adr\u00f3l h\u00e1rom nyel\u00adven:<\/em><br><strong>Zene<a href=\"https:\/\/rosa-von-zehnle-ur.bandcamp.com\/album\/moh-csi-bus-j-r-s-moh-csi-buschoo-festival-moh-csi-buschoo-festival\" target=\"_blank\" rel=\"noreferrer noopener\"><\/a>\u200a\u2014\u200aRosa von Zehn\u00adle \u00far:<\/strong><br><a href=\"https:\/\/rosa-von-zehnle-ur.bandcamp.com\/album\/magyarorsz-g-1848-as-forradalma-ungarns-revolution-1848-hungarys-revolution-of-1848\" target=\"_blank\" rel=\"noreferrer noopener\">Magyar\u00ador\u00adsz\u00e1g 1848-as forradalmas<\/a><br><br><br><\/p>\n<\/div>\n\n\n\n<div class=\"wp-block-column is-layout-flow wp-block-column-is-layout-flow\">\n<figure data-wp-context=\"{&quot;imageId&quot;:&quot;69f5dbac6b064&quot;}\" data-wp-interactive=\"core\/image\" data-wp-key=\"69f5dbac6b064\" class=\"wp-block-image size-large wp-lightbox-container\"><img loading=\"lazy\" decoding=\"async\" width=\"1024\" height=\"1024\" data-wp-class--hide=\"state.isContentHidden\" data-wp-class--show=\"state.isContentVisible\" data-wp-init=\"callbacks.setButtonStyles\" data-wp-on--click=\"actions.showLightbox\" data-wp-on--load=\"callbacks.setButtonStyles\" data-wp-on--pointerdown=\"actions.preloadImage\" data-wp-on--pointerenter=\"actions.preloadImageWithDelay\" data-wp-on--pointerleave=\"actions.cancelPreload\" data-wp-on-window--resize=\"callbacks.setButtonStyles\" src=\"https:\/\/175er-verlag.org\/.recherchiert\/wp-content\/uploads\/2025\/03\/1848-2-k-1024x1024.jpg\" alt class=\"wp-image-4537\" srcset=\"https:\/\/175er-verlag.org\/.recherchiert\/wp-content\/uploads\/2025\/03\/1848-2-k-1024x1024.jpg 1024w, https:\/\/175er-verlag.org\/.recherchiert\/wp-content\/uploads\/2025\/03\/1848-2-k-300x300.jpg 300w, https:\/\/175er-verlag.org\/.recherchiert\/wp-content\/uploads\/2025\/03\/1848-2-k-scaled-100x100.jpg 100w, https:\/\/175er-verlag.org\/.recherchiert\/wp-content\/uploads\/2025\/03\/1848-2-k-scaled-600x600.jpg 600w, https:\/\/175er-verlag.org\/.recherchiert\/wp-content\/uploads\/2025\/03\/1848-2-k-150x150.jpg 150w, https:\/\/175er-verlag.org\/.recherchiert\/wp-content\/uploads\/2025\/03\/1848-2-k-768x768.jpg 768w, https:\/\/175er-verlag.org\/.recherchiert\/wp-content\/uploads\/2025\/03\/1848-2-k-1536x1536.jpg 1536w, https:\/\/175er-verlag.org\/.recherchiert\/wp-content\/uploads\/2025\/03\/1848-2-k-2048x2048.jpg 2048w\" sizes=\"auto, (max-width: 1024px) 100vw, 1024px\"><button class=\"lightbox-trigger\" type=\"button\" aria-haspopup=\"dialog\" data-wp-bind--aria-label=\"state.thisImage.triggerButtonAriaLabel\" data-wp-init=\"callbacks.initTriggerButton\" data-wp-on--click=\"actions.showLightbox\" data-wp-style--right=\"state.thisImage.buttonRight\" data-wp-style--top=\"state.thisImage.buttonTop\">\n\t\t\t<svg width=\"12\" height=\"12\" fill=\"none\" viewBox=\"0 0 12 12\">\n\t\t\t\t<path fill=\"#fff\" d=\"M2 0a2 2 0 0 0-2 2v2h1.5V2a.5.5 0 0 1 .5-.5h2V0H2Zm2 10.5H2a.5.5 0 0 1-.5-.5V8H0v2a2 2 0 0 0 2 2h2v-1.5ZM8 12v-1.5h2a.5.5 0 0 0 .5-.5V8H12v2a2 2 0 0 1-2 2H8Zm2-12a2 2 0 0 1 2 2v2h-1.5V2a.5.5 0 0 0-.5-.5H8V0h2Z\" \/>\n\t\t\t<\/svg>\n\t\t<\/button><\/figure>\n<\/div>\n\n\n\n<div class=\"wp-block-column is-layout-flow wp-block-column-is-layout-flow\">\n<p class=\"wp-block-paragraph\"><strong>\ud83c\udde9\ud83c\uddea Ungarn: 15. M\u00e4rz 1848: Mein Lied zu 1848 und mein Buch den Ungarn zum sym\u00adbo\u00adli\u00adschen Geschenk!<\/strong><br><br><em>Mein Lied zur unga\u00adri\u00adschen Revo\u00adlu\u00adti\u00adon 1848&nbsp;in drei Spra\u00adchen:<br><\/em><a href=\"https:\/\/rosa-von-zehnle-ur.bandcamp.com\/album\/moh-csi-bus-j-r-s-moh-csi-buschoo-festival-moh-csi-buschoo-festival\" target=\"_blank\" rel=\"noreferrer noopener\"><\/a><strong>Musik<a href=\"https:\/\/rosa-von-zehnle-ur.bandcamp.com\/album\/moh-csi-bus-j-r-s-moh-csi-buschoo-festival-moh-csi-buschoo-festival\" target=\"_blank\" rel=\"noreferrer noopener\"><\/a>\u200a\u2014\u200aRosa von Zehn\u00adle \u00far:<\/strong><br><a href=\"https:\/\/rosa-von-zehnle-ur.bandcamp.com\/album\/magyarorsz-g-1848-as-forradalma-ungarns-revolution-1848-hungarys-revolution-of-1848\" target=\"_blank\" rel=\"noreferrer noopener\">Ungarns Revo\u00adlu\u00adti\u00adon&nbsp;1848<\/a><\/p>\n<\/div>\n<\/div>\n\n\n\n<p class=\"has-text-align-center wp-block-paragraph\"><a href=\"#lyrics-en\">\u2192 Dals\u00adz\u00f6\u00adveg ango\u00adlul \/ Lied\u00adtext in EN \/ Lyrics in&nbsp;EN<\/a><\/p>\n\n\n\n<div class=\"wp-block-columns is-layout-flex wp-container-core-columns-is-layout-8f761849 wp-block-columns-is-layout-flex\">\n<div class=\"wp-block-column is-layout-flow wp-block-column-is-layout-flow\">\n<p class=\"wp-block-paragraph\">Az 1848-as magyar for\u00adra\u00addal\u00admi dalom sz\u00f6\u00adve\u00adg\u00e9\u00adhez (h\u00e1rom nyel\u00adven: HU, DE \u00e9s EN) k\u00e9rem:<br><a href=\"https:\/\/175er-verlag.org\/.recherchiert\/archive\/4536\">\u00bb&gt; hier \u2026 <\/a><br><br>A&nbsp;HU, DE \u00e9s EN dal\u00adhoz a&nbsp;Band\u00adcamp-en:<br><a href=\"https:\/\/rosa-von-zehnle-ur.bandcamp.com\/album\/magyarorsz-g-1848-as-forradalma-ungarns-revolution-1848-hungarys-revolution-of-1848\" target=\"_blank\" rel=\"noreferrer noopener\">\u00bb&gt; itt \u2026<\/a><\/p>\n\n\n\n<hr class=\"wp-block-separator has-alpha-channel-opacity\">\n<\/div>\n\n\n\n<div class=\"wp-block-column is-layout-flow wp-block-column-is-layout-flow\">\n<p class=\"wp-block-paragraph\">Zum Lied\u00adtext (drei Spra\u00adchen: HU, DE und EN) mei\u00adnes unga\u00adri\u00adschen Revo\u00adlu\u00adti\u00adons\u00adlie\u00addes von 1848 bit\u00adte:<br><a href=\"https:\/\/175er-verlag.org\/.recherchiert\/archive\/4536\">\u00bb&gt; hier \u2026 <\/a><br><br>Zum Lied auf HU, DE und EN auf Band\u00adcamp:<br><a href=\"https:\/\/rosa-von-zehnle-ur.bandcamp.com\/album\/magyarorsz-g-1848-as-forradalma-ungarns-revolution-1848-hungarys-revolution-of-1848\" target=\"_blank\" rel=\"noreferrer noopener\">\u00bb&gt; hier \u2026<\/a><\/p>\n\n\n\n<hr class=\"wp-block-separator has-alpha-channel-opacity\">\n<\/div>\n<\/div>\n\n\n\n<div class=\"wp-block-columns is-layout-flex wp-container-core-columns-is-layout-8f761849 wp-block-columns-is-layout-flex\">\n<div class=\"wp-block-column is-layout-flow wp-block-column-is-layout-flow\">\n<p class=\"wp-block-paragraph\"><strong>Szer\u00adkesz\u00adt\u0151i hoz\u00adz\u00e1\u00adj\u00e1\u00adrul\u00e1s <br>az 1848-as <br>dal\u00adfel\u00addol\u00adgo\u00adz\u00e1s\u00adhoz<\/strong><br><br>Az 1848\/49-es magyar for\u00adra\u00adda\u00adlom nem\u00adze\u00adti f\u00fcg\u00adget\u00adlen\u00ads\u00e9g\u00adre \u00e9s t\u00e1rs\u00adadal\u00admi refor\u00admo\u00adkra t\u00f6re\u00adke\u00addett. 1848. m\u00e1r\u00adci\u00adus 15-\u00e9n magyarok ezrei gy\u0171l\u00adtek \u00f6ss\u00adze Pest\u00aden (a mai Buda\u00adpes\u00adten), hogy t\u00e1mo\u00adgas\u00ads\u00e1k a&nbsp;sza\u00adbad\u00ads\u00e1g- \u00e9s demo\u00adkr\u00e1\u00adcia\u00adk\u00f6\u00adve\u00adtel\u00e9\u00adse\u00adket, \u00e9s k\u00f6ve\u00adtel\u00adj\u00e9k azo\u00adkat a&nbsp;megs\u00adz\u00e1l\u00adl\u00f3k\u00adt\u00f3l. Ez fel\u00adkel\u00e9s\u00adhez veze\u00adtett a&nbsp;Habs\u00adburg uralom ellen, \u00e9s dr\u00e1\u00admai v\u00e9get \u00e9rt.<br><br>Magyar\u00ador\u00adsz\u00e1\u00adgon min\u00adden \u00e9v m\u00e1r\u00adci\u00adus 15\u2011e a&nbsp;Nem\u00adze\u00adti gy\u00e1\u00adsz nap\u00adja az 1848-as for\u00adra\u00adda\u00adlom \u00e1ldo\u00adza\u00adtainak eml\u00e9\u00adk\u00e9\u00adre. A&nbsp;napot a&nbsp;for\u00adra\u00adda\u00adlom szim\u00adb\u00f3lu\u00admak\u00e9nt \u00e9s azo\u00adknak a&nbsp;b\u00e1tor f\u00e9rfi\u00adak\u00adnak az eml\u00e9\u00adkek\u00e9\u00adre tartj\u00e1k meg, akik \u00e9le\u00adt\u00fc\u00adket \u00e1ldoz\u00adt\u00e1k orsz\u00e1\u00adguk sza\u00adbad\u00ads\u00e1\u00adg\u00e1\u00ad\u00e9rt \u00e9s j\u00f6v\u0151\u00adj\u00e9\u00ad\u00e9rt. Ezen a&nbsp;napon az \u00e1lla\u00admi lobo\u00adg\u00f3t f\u00e9l\u00e1r\u00adbo\u00adcra eresz\u00adtik, a&nbsp;k\u00f6z\u00e9p\u00fc\u00adle\u00adtek\u00adre kit\u0171\u00adzik a&nbsp;gy\u00e1\u00adsz\u00adlo\u00adbo\u00adg\u00f3t, az iskol\u00e1k\u00adban megem\u00adl\u00e9\u00adke\u00adz\u00e9st tartana<\/p>\n\n\n\n<p class=\"wp-block-paragraph\">Ma a&nbsp;magyarok megem\u00adl\u00e9\u00adkez\u00adnek a&nbsp;tizen\u00adh\u00e1\u00adrom t\u00e1bor\u00adno\u00adkr\u00f3l \u00e9s a&nbsp;t\u00f6b\u00adbi (legal\u00e1bb h\u00e1rom) h\u0151s\u00adr\u0151l, akik m\u00e1r\u00adt\u00ed\u00adrok\u00adk\u00e1 v\u00e1l\u00adtak, \u00e9s nekem ez a&nbsp;fon\u00adtos ese\u00adm\u00e9\u00adny j\u00f3 alka\u00adlom volt arra, hogy egy kis k\u00f6ny\u00advet k\u00e9s\u00adz\u00edt\u00adsek, \u00e9s \u00edrjak r\u00f3la egy dalt, k\u00fcl\u00f6n\u00adb\u00f6\u00adz\u0151 zen\u00adei st\u00ed\u00adlu\u00adsok\u00adban \u00e9ne\u00adkel\u00adve:<br><strong>1 dal 3&nbsp;nyel\u00adven, min\u00addegy\u00adik 5&nbsp;zen\u00adei st\u00ed\u00adluss\u00adal = 15 zen\u00adei \u00e9lm\u00e9\u00adny.<\/strong><br><br>K\u00e9t tipi\u00adkus magyar hang\u00ads\u00adzert inte\u00adgr\u00e1l\u00adtam a&nbsp;zen\u00e9mbe:<\/p>\n\n\n\n<ul class=\"wp-block-list\">\n<li><strong>T\u00e1ro\u00adga\u00adt\u00f3:<\/strong> A&nbsp;haza\u00adfi\u00adas zen\u00e9\u00adben gya\u00adkran haszn\u00e1lt, \u00e9les han\u00adg\u00fa f\u00fav\u00f3s fah\u00adangs\u00adzer;<br><strong>Duda (magyar duda):<\/strong> F\u0151leg vid\u00e9\u00adken \u00e9s hagyom\u00e1\u00adn\u00ady\u00ados t\u00e1n\u00adcok\u00adhoz haszn\u00e1lj\u00e1k.<\/li>\n<\/ul>\n\n\n\n<p class=\"wp-block-paragraph\">Egy\u00e9b\u00adk\u00e9nt kor\u00e1b\u00adban betil\u00adtot\u00adt\u00e1k eze\u00adket a&nbsp;hang\u00ads\u00adzere\u00adket, mert a&nbsp;sza\u00adbad\u00ads\u00e1g szim\u00adb\u00f3lu\u00admai vol\u00adtak. Sz\u00e1n\u00add\u00e9\u00adko\u00adsan v\u00e1lasz\u00adtot\u00adtam, mert Dud\u00e1t manaps\u00e1g m\u00e1r alig halla\u00adni. Err\u0151l a&nbsp;k\u00e9s\u0151b\u00adbiek\u00adben posz\u00adtot k\u00e9s\u00adz\u00ed\u00adtek itt.<br><br><strong>Most \u00e9lvez\u00adze <\/strong><br><strong>a&nbsp;zenehall\u00adga\u00adt\u00e1st!<\/strong><br><br><br><br><br><strong>\ud83c\udded\ud83c\uddfa Refr\u00e9n:<\/strong> <br><strong>\u201e<\/strong>M<strong>agyar\u00ador\u00adsz\u00e1g 1848-as for\u00adra\u00addal\u00adma\u201d<\/strong>&nbsp;*<\/p>\n\n\n\n<p class=\"wp-block-paragraph\"><em>[cho\u00adrus]<br>Az egy\u00adko\u00adri m\u00e1r\u00adci\u00adusi sz\u00e9l tisz\u00adt\u00e1n visszhang\u00adzik,<br>A magyarok sza\u00adbad\u00ads\u00e1g\u00adv\u00e1\u00adgya meger\u0151s\u00ad\u00f6dik.<br>A h\u0151s\u00ad\u00f6k tisz\u00adt\u00e1n, han\u00adgos\u00adan sz\u00f3l\u00adtak akkor r\u00e9g,<br>szel\u00adle\u00adm\u00fck \u0151rzi m\u00e9g orsz\u00e1g\u00adunk sza\u00adbad j\u00f6v\u0151\u00adj\u00e9t.<br>[cho\u00adrus]<br>Er\u0151s \u00e9s sza\u00adbad, magyarok, kel\u00adjet\u00adek fel!<br>Ma ism\u00e9t sz\u00f3l a&nbsp;r\u00e9gi h\u00edv\u00e1s \u2013 sie\u00adsse\u00adtek!<br>A magyarok m\u00e9g nem iga\u00adz\u00e1n sza\u00adba\u00addok,<br>ma lei\u00adg\u00e1z\u00adza \u0151ket Br\u00fcss\u00adzel v\u00f6r\u00f6s fec\u00adse\u00adg\u00e9\u00adse.<\/em><br>\u2026<br><br><em>\u00c9ne\u00adkem az 1848-as magyar for\u00adra\u00adda\u00adlom\u00adr\u00f3l h\u00e1rom nyel\u00adven:<\/em><br><strong>Zene<a href=\"https:\/\/rosa-von-zehnle-ur.bandcamp.com\/album\/moh-csi-bus-j-r-s-moh-csi-buschoo-festival-moh-csi-buschoo-festival\" target=\"_blank\" rel=\"noreferrer noopener\"><\/a>\u200a\u2014\u200aRosa von Zehn\u00adle \u00far:<\/strong><br><a href=\"https:\/\/rosa-von-zehnle-ur.bandcamp.com\/album\/magyarorsz-g-1848-as-forradalma-ungarns-revolution-1848-hungarys-revolution-of-1848\" target=\"_blank\" rel=\"noreferrer noopener\">Magyar\u00ador\u00adsz\u00e1g 1848-as forradalmas<\/a><\/p>\n<\/div>\n\n\n\n<div class=\"wp-block-column is-layout-flow wp-block-column-is-layout-flow\">\n<p class=\"wp-block-paragraph\"><strong>Redak\u00adtio\u00adnel\u00adler Bei\u00adtrag <br>zur 1848er <br>Lied\u00adge\u00adstal\u00adtung <\/strong><br><br>Die Unga\u00adri\u00adsche Revo\u00adlu\u00adti\u00adon von 1848\/49 streb\u00adte nach natio\u00adna\u00adler Unab\u00adh\u00e4n\u00adgig\u00adkeit und sozia\u00adlen Refor\u00admen. Am 15. M\u00e4rz 1848 ver\u00adsam\u00admel\u00adten sich aber\u00adtau\u00adsen\u00adde Ungarn in Pest (dem heu\u00adti\u00adgen Buda\u00adpest), um die For\u00adde\u00adrun\u00adgen nach Frei\u00adheit und Demo\u00adkra\u00adtie zu unter\u00adst\u00fct\u00adzen und von den Besat\u00adzern zu for\u00addern. Dies f\u00fchr\u00adte zu einem Auf\u00adstand gegen die habs\u00adbur\u00adgi\u00adsche Herr\u00adschaft und ende\u00adte dra\u00adma\u00adtisch.<br><br>Jedes Jahr am 15. M\u00e4rz wird in Ungarn die\u00adser Natio\u00adna\u00adle Trau\u00ader\u00adtag began\u00adgen, um der Opfer der Revo\u00adlu\u00adti\u00adon von 1848 zu geden\u00adken. Der Tag wird als Sym\u00adbol der Revo\u00adlu\u00adti\u00adon und als Erin\u00adne\u00adrung an die muti\u00adgen M\u00e4n\u00adner gefei\u00adert, die f\u00fcr die Frei\u00adheit und Zukunft ihres Lan\u00addes ihr Leben opfer\u00adten. An die\u00adsem Tag wird die Natio\u00adnal\u00adflag\u00adge auf Halb\u00admast gesenkt, an \u00f6ffent\u00adli\u00adchen Geb\u00e4u\u00adden wird die Trau\u00ader\u00adflag\u00adge gehisst und in Schu\u00adlen fin\u00adden Gedenk\u00adfei\u00adern&nbsp;statt.<\/p>\n\n\n\n<p class=\"wp-block-paragraph\">Heu\u00adte geden\u00adken die Ungarn der drei\u00adzehn Gene\u00adr\u00e4\u00adle und wei\u00adte\u00adrer (min\u00addes\u00adtens drei) Hel\u00adden, die zu M\u00e4r\u00adty\u00adrern wur\u00adden und f\u00fcr mich war die\u00adses bedeu\u00adten\u00adde Ereig\u00adnis Anla\u00df, ein klei\u00adnes Buch zu gestal\u00adten und ein Lied dar\u00ad\u00fcber zu schrei\u00adben und es in ver\u00adschie\u00adde\u00adnen Musik\u00adrich\u00adtun\u00adgen zu gestal\u00adten:<br><strong>1 Lied in 3&nbsp;Spra\u00adchen und mit je 5&nbsp;Musik\u00adsti\u00adlen = 15 H\u00f6r\u00aderleb\u00adnis\u00adse.<\/strong><br><br>Ich habe zwei typisch unga\u00adri\u00adsche Musik\u00adin\u00adstru\u00admen\u00adte in mei\u00adne Musik\u00adge\u00adstal\u00adtung integriert:<\/p>\n\n\n\n<ul class=\"wp-block-list\">\n<li><strong>T\u00e1ro\u00adga\u00adt\u00f3:<\/strong> Ein Holz\u00adblas\u00adin\u00adstru\u00adment mit schar\u00adfem Klang, oft in patrio\u00adti\u00adscher Musik verwendet;<\/li>\n\n\n\n<li><strong>Duda (unga\u00adri\u00adscher Dudel\u00adsack):<\/strong> Beson\u00adders in l\u00e4nd\u00adli\u00adchen Regio\u00adnen und f\u00fcr tra\u00addi\u00adtio\u00adnel\u00adle T\u00e4n\u00adze genutzt.<\/li>\n<\/ul>\n\n\n\n<p class=\"wp-block-paragraph\">Fr\u00fc\u00adher waren die\u00adse Musik\u00adin\u00adstru\u00admen\u00adte ver\u00adbo\u00adten, da sie Frei\u00adheits\u00adsym\u00adbo\u00adle waren. Ich habe sie bewu\u00dft gew\u00e4hlt, da vor allem die Duda heu\u00adte kaum noch zu h\u00f6ren ist. Ich wer\u00adde dazu sp\u00e4\u00adter noch einen Bei\u00adtrag hier machen.<\/p>\n\n\n\n<p class=\"wp-block-paragraph\"><strong>Nun aber viel Spa\u00df <\/strong><br><strong>beim Anh\u00f6\u00adren!<\/strong><br><br><br><strong>\ud83c\udde9\ud83c\uddea Refrain:<\/strong><br><strong>\u201eUngarns Revo\u00adlu\u00adti\u00adon 1848<strong>\u201d<\/strong>&nbsp;* <\/strong><\/p>\n\n\n\n<p class=\"wp-block-paragraph\"><em>[cho\u00adrus]<br>Der eins\u00adtig\u00b4 M\u00e4rz\u00adwind hallt im kla\u00adren Klang,<br>Ungarns Volk erstarkt im Frei\u00adheits\u00addrang.<br>Die Hel\u00adden rie\u00adfen einst klar und laut,<br>Ihr Geist heut\u00b4 Ungarns freie Zukunft baut.<br>[cho\u00adrus]<br>Steht auf, ihr Magya\u00adren \u2013 stark und frei,<br>gest\u00adrig\u00b4 Ruf klingt heut\u00b4 wie\u00adder \u2013 eilt her\u00adbei.<br>Noch immer sind Magya\u00adren nicht rich\u00adtig frei,<br>Br\u00fcs\u00adsel knech\u00adtet heut\u00b4 mit rot\u00b4 Rede\u00adrei. <\/em><br>\u2026<br><br><em>Mein Lied zur unga\u00adri\u00adschen Revo\u00adlu\u00adti\u00adon 1848&nbsp;in drei Spra\u00adchen:<br><\/em><a href=\"https:\/\/rosa-von-zehnle-ur.bandcamp.com\/album\/moh-csi-bus-j-r-s-moh-csi-buschoo-festival-moh-csi-buschoo-festival\" target=\"_blank\" rel=\"noreferrer noopener\"><\/a><strong>Musik<a href=\"https:\/\/rosa-von-zehnle-ur.bandcamp.com\/album\/moh-csi-bus-j-r-s-moh-csi-buschoo-festival-moh-csi-buschoo-festival\" target=\"_blank\" rel=\"noreferrer noopener\"><\/a>\u200a\u2014\u200aRosa von Zehn\u00adle \u00far:<\/strong><br><a href=\"https:\/\/rosa-von-zehnle-ur.bandcamp.com\/album\/magyarorsz-g-1848-as-forradalma-ungarns-revolution-1848-hungarys-revolution-of-1848\" target=\"_blank\" rel=\"noreferrer noopener\">Ungarns Revo\u00adlu\u00adti\u00adon&nbsp;1848<\/a><\/p>\n<\/div>\n<\/div>\n\n\n\n<p class=\"has-text-align-center wp-block-paragraph\"><em>* Sz\u00f6\u00adveg \u00e9s zene \/<em> Text und Musik: <\/em>Rosa von Zehn\u00adle \u00far.<\/em><br><br><strong>Rosa von Zehn\u00adle \u00far<\/strong><br>\u00d9jud\u00advar, 2025.02.03<\/p>\n\n\n\n<p class=\"has-text-align-center wp-block-paragraph\"><a href=\"https:\/\/175er-verlag.org\/.recherchiert\/archive\/3817\" target=\"_blank\" rel=\"noreferrer noopener\">https:\/\/175er-verlag.org\/.recherchiert\/archive\/4588<\/a><br><\/p>\n\n\n\n<hr class=\"wp-block-separator has-alpha-channel-opacity\">\n\n\n\n<div class=\"wp-block-columns is-layout-flex wp-container-core-columns-is-layout-8f761849 wp-block-columns-is-layout-flex\">\n<div class=\"wp-block-column is-layout-flow wp-block-column-is-layout-flow\">\n<p id=\"lyrics-en\"><strong>Dals\u00adz\u00f6\u00adveg ango\u00adlul \/ Lied\u00adtext in EN \/ Lyrics in&nbsp;EN<\/strong><\/p>\n<\/div>\n<\/div>\n\n\n\n<p class=\"wp-block-paragraph\">For the lyrics (three lan\u00adguages: HU, DE and EN) of my Hun\u00adga\u00adri\u00adan revo\u00adlu\u00adtio\u00adna\u00adry song from 1848 plea\u00adse<br><a href=\"https:\/\/175er-verlag.org\/.recherchiert\/archive\/4536\">\u00bb&gt; here \u2026 <\/a> <br><br>The song on HU, DE and EN on Band\u00adcamp:<br><a href=\"https:\/\/rosa-von-zehnle-ur.bandcamp.com\/album\/magyarorsz-g-1848-as-forradalma-ungarns-revolution-1848-hungarys-revolution-of-1848\" target=\"_blank\" rel=\"noreferrer noopener\">\u00bb hier \u2026<\/a> <\/p>\n\n\n\n<hr class=\"wp-block-separator has-alpha-channel-opacity\">\n\n\n\n<p class=\"wp-block-paragraph\"><br><strong>Edi\u00adto\u00adri\u00adal con\u00adtri\u00adbu\u00adti\u00adon<br>on the 1848&nbsp;song<\/strong><\/p>\n\n\n\n<p class=\"wp-block-paragraph\">The Hun\u00adga\u00adri\u00adan Revo\u00adlu\u00adti\u00adon of 1848\/49 stro\u00adve for natio\u00adnal inde\u00adpen\u00addence and social reforms. On March 15, 1848, thou\u00adsands of Hun\u00adga\u00adri\u00adans gathe\u00adred in Pest (pre\u00adsent-day Buda\u00adpest) to sup\u00adport the demands for free\u00addom and demo\u00adcra\u00adcy and to demand them from the occu\u00adp\u00adiers. This led to an upri\u00adsing against Habs\u00adburg rule and ended dramatically.<\/p>\n\n\n\n<p class=\"wp-block-paragraph\">Every year on March 15, Hun\u00adga\u00adry obser\u00adves this Natio\u00adnal Day of Mour\u00adning to com\u00adme\u00admo\u00adra\u00adte the vic\u00adtims of the 1848 Revo\u00adlu\u00adti\u00adon. The day is cele\u00adbra\u00adted as a&nbsp;sym\u00adbol of the revo\u00adlu\u00adti\u00adon and as a&nbsp;remin\u00adder of the bra\u00adve men who sacri\u00adfi\u00adced their lives for the free\u00addom and future of their coun\u00adtry. On this day, the natio\u00adnal flag is lowe\u00adred to half-mast, the mour\u00adning flag is rai\u00adsed on public buil\u00addings, and com\u00adme\u00admo\u00adra\u00adti\u00adons are held in schools.<\/p>\n\n\n\n<p class=\"wp-block-paragraph\">Today, Hun\u00adga\u00adri\u00adans com\u00adme\u00admo\u00adra\u00adte the thir\u00adteen gene\u00adrals and other (at least three) heroes who beca\u00adme mar\u00adtyrs. For me, this signi\u00adfi\u00adcant event was the occa\u00adsi\u00adon to crea\u00adte a&nbsp;small book and wri\u00adte a&nbsp;song about it, enac\u00adting it in various musi\u00adcal styl\u00ades:<br>1 song in three lan\u00adguages, each with five musi\u00adcal styl\u00ades = 15 lis\u00adtening experiences.<\/p>\n\n\n\n<p class=\"wp-block-paragraph\">I have incor\u00adpo\u00adra\u00adted two typi\u00adcal\u00adly Hun\u00adga\u00adri\u00adan musi\u00adcal instru\u00adments into my musi\u00adcal composition:<\/p>\n\n\n\n<ul class=\"wp-block-list\">\n<li>T\u00e1ro\u00adga\u00adt\u00f3: A&nbsp;wood\u00adwind instru\u00adment with a&nbsp;sharp sound, often used in patrio\u00adtic&nbsp;music;<\/li>\n\n\n\n<li>Duda (Hun\u00adga\u00adri\u00adan bag\u00adpi\u00adpe): Used espe\u00adci\u00adal\u00adly in rural are\u00adas and for tra\u00addi\u00adtio\u00adnal dances.<\/li>\n<\/ul>\n\n\n\n<p class=\"wp-block-paragraph\">The\u00adse musi\u00adcal instru\u00adments were once for\u00adbidden becau\u00adse they were sym\u00adbols of free\u00addom. I&nbsp;cho\u00adse them deli\u00adbera\u00adte\u00adly, as the duda, in par\u00adti\u00adcu\u00adlar, is rare\u00adly heard today. I&nbsp;will wri\u00adte a&nbsp;post about this&nbsp;later.<\/p>\n\n\n\n<p class=\"wp-block-paragraph\"><strong>For now, <br>enjoy!<\/strong><br><br><br><strong>\ud83c\uddfa\ud83c\uddf8 Lyrics:<\/strong> <br><strong>\u201eHungary\u2019s Revo\u00adlu\u00adti\u00adon of 1848\u201d<\/strong>&nbsp;*<\/p>\n\n\n\n<p class=\"wp-block-paragraph\"><em>[cho\u00adrus]<br>The March wind of old echo\u00ades bright and strong,<br>Hungary\u2019s peo\u00adp\u00adle rise in freedom\u2019s song.<br>The heroes once cal\u00adled, so clear and loud,<br>Their spi\u00adrit builds Hungary\u2019s future proud.<br>[cho\u00adrus]<br>Rise, Magyars\u200a\u2014\u200astrong and free,<br>Yesterday\u2019s call still sounds\u200a\u2014\u200acome and see.<br>Yet Magyars are not tru\u00adly free,<br>Brussels ens\u00adlaves today with red decree.<\/em><br><br><br>The song on HU, DE and EN on Band\u00adcamp:<br><a href=\"https:\/\/rosa-von-zehnle-ur.bandcamp.com\/album\/magyarorsz-g-1848-as-forradalma-ungarns-revolution-1848-hungarys-revolution-of-1848\" target=\"_blank\" rel=\"noreferrer noopener\">\u00bb&gt; here \u2026<\/a> <br><br><em>* Text and music: Rosa von Zehn\u00adle&nbsp;\u00far.<\/em><\/p>\n\n\n\n<p class=\"wp-block-paragraph\"><\/p>\n<p>Views: 42<\/p>","protected":false},"excerpt":{"rendered":"<p>\ud83c\udded\ud83c\uddfa Magyar\u00ador\u00adsz\u00e1g: 1848. m\u00e1r\u00adci\u00adus 15: \u00c9ne\u00adkem 1848-r\u00f3l \u00e9s k\u00f6ny\u00advem jel\u00adk\u00e9\u00adpes aj\u00e1n\u00add\u00e9k\u00adk\u00e9nt a&nbsp;magyar\u00ads\u00e1\u00adgnak! \u00c9ne\u00adkem az 1848-as magyar for\u00adra\u00adda\u00adlom\u00adr\u00f3l h\u00e1rom nyel\u00adven:Zene\u200a\u2014\u200aRosa von Zehn\u00adle \u00far:Magyar\u00ador\u00adsz\u00e1g 1848-as for\u00adra\u00addal\u00admas \ud83c\udde9\ud83c\uddea Ungarn: 15. M\u00e4rz 1848: Mein Lied zu 1848 und mein Buch den Ungarn zum sym\u00adbo\u00adli\u00adschen Geschenk! Mein Lied zur unga\u00adri\u00adschen Revo\u00adlu\u00adti\u00adon 1848&nbsp;in drei Spra\u00adchen:Musik\u200a\u2014\u200aRosa von Zehn\u00adle \u00far:Ungarns Revo\u00adlu\u00adti\u00adon&nbsp;1848 \u2192 Dalsz\u00f6veg&nbsp;[\u2026]<\/p>\n","protected":false},"author":1,"featured_media":0,"comment_status":"open","ping_status":"open","sticky":false,"template":"","format":"standard","meta":{"_crdt_document":"","_regular_price":[],"currency_symbol":[],"_uag_custom_page_level_css":"","wp_typography_post_enhancements_disabled":false,"footnotes":""},"categories":[261,1580,766,4],"tags":[1373,1357,997,1378,1384,188,1359,847,833,1362,1382,314,1267,1367,1365,1370,1287,68,808,1386,984,1366,1363,302,1385,1371,1383,1352,1368,1381,796,1353,1356,1355,1377,1374,1379,770,1387,827,1360,1358,1380,1364,1292,1389,1093,1390,258,1261,1375,1354,1361,1388,781,1351,949,1376,790,1369,1372],"class_list":["post-4588","post","type-post","status-publish","format-standard","hentry","category-texte-zoeveg-de-hu","category-texte-in----szoeveg-itt---","category--melodie-poesie--dallam-koelteszet","category-ungarn-hu-de","tag-1373","tag-1848-as","tag-ajandek","tag-aufstand","tag-buch","tag-budapest","tag-dal","tag-demokracia","tag-demokratie","tag-duda","tag-dudelsack","tag-emlekezes","tag-feier","tag-felkeles","tag-forradalmarok","tag-forradalmi","tag-forradalom","tag-freiheit","tag-freiheitskampf","tag-gedenken","tag-geschenk","tag-gyasz","tag-habsburg","tag-helden","tag-heldenmut","tag-himnusz","tag-historische","tag-hosoek","tag-koenyv","tag-lied","tag-magyar","tag-marcius","tag-marcius-15","tag-martirok","tag-maertyrer","tag-maerz","tag-maerzwind","tag-musik","tag-musikstil","tag-nationalfeiertag","tag-nemzeti","tag-nepzene","tag-patriotisch","tag-pest","tag-revolution","tag-revolutionaere","tag-stilus","tag-symbol","tag-szabadsag","tag-szabadsagharc","tag-tabornok","tag-tabornokok","tag-tarogato","tag-trauer","tag-ungarisch","tag-ungarische-suchbegriffe-magyarorszag","tag-uennep","tag-volksmusik","tag-zene","tag-zenei","tag-zenekar-deutsche-suchbegriffe-ungarn"],"post_slider_layout_featured_media_urls":{"thumbnail":"","post_slider_layout_landscape_large":"","post_slider_layout_portrait_large":"","post_slider_layout_square_large":"","post_slider_layout_landscape":"","post_slider_layout_portrait":"","post_slider_layout_square":"","full":""},"uagb_featured_image_src":{"full":false,"thumbnail":false,"medium":false,"medium_large":false,"large":false,"1536x1536":false,"2048x2048":false,"post_slider_layout_landscape_large":false,"post_slider_layout_portrait_large":false,"post_slider_layout_square_large":false,"post_slider_layout_landscape":false,"post_slider_layout_portrait":false,"post_slider_layout_square":false,"sirat-homepage-thumb":false,"woocommerce_thumbnail":false,"woocommerce_single":false,"woocommerce_gallery_thumbnail":false,"audioigniter_cover":false},"uagb_author_info":{"display_name":"RoZe-recherchiert","author_link":"https:\/\/175er-verlag.org\/.recherchiert\/archive\/author\/roze-recherchiert"},"uagb_comment_info":0,"uagb_excerpt":"\ud83c\udded\ud83c\uddfa Magyar\u00ador\u00adsz\u00e1g: 1848. m\u00e1r\u00adci\u00adus 15: \u00c9ne\u00adkem 1848-r\u00f3l \u00e9s k\u00f6ny\u00advem jel\u00adk\u00e9\u00adpes aj\u00e1n\u00add\u00e9k\u00adk\u00e9nt a&nbsp;magyar\u00ads\u00e1\u00adgnak! \u00c9ne\u00adkem az 1848-as magyar for\u00adra\u00adda\u00adlom\u00adr\u00f3l h\u00e1rom nyel\u00adven:Zene\u200a\u2014\u200aRosa von Zehn\u00adle \u00far:Magyar\u00ador\u00adsz\u00e1g 1848-as forradalmas \ud83c\udde9\ud83c\uddea Ungarn: 15. M\u00e4rz 1848: Mein Lied zu 1848 und mein Buch den Ungarn zum sym\u00adbo\u00adli\u00adschen Geschenk! Mein Lied zur unga\u00adri\u00adschen Revo\u00adlu\u00adti\u00adon 1848&nbsp;in drei Spra\u00adchen:Musik\u200a\u2014\u200aRosa von Zehn\u00adle \u00far:Ungarns Revo\u00adlu\u00adti\u00adon&nbsp;1848 \u2192 Dals\u00adz\u00f6\u00adveg&hellip;","_links":{"self":[{"href":"https:\/\/175er-verlag.org\/.recherchiert\/wp-json\/wp\/v2\/posts\/4588","targetHints":{"allow":["GET"]}}],"collection":[{"href":"https:\/\/175er-verlag.org\/.recherchiert\/wp-json\/wp\/v2\/posts"}],"about":[{"href":"https:\/\/175er-verlag.org\/.recherchiert\/wp-json\/wp\/v2\/types\/post"}],"author":[{"embeddable":true,"href":"https:\/\/175er-verlag.org\/.recherchiert\/wp-json\/wp\/v2\/users\/1"}],"replies":[{"embeddable":true,"href":"https:\/\/175er-verlag.org\/.recherchiert\/wp-json\/wp\/v2\/comments?post=4588"}],"version-history":[{"count":3,"href":"https:\/\/175er-verlag.org\/.recherchiert\/wp-json\/wp\/v2\/posts\/4588\/revisions"}],"predecessor-version":[{"id":4650,"href":"https:\/\/175er-verlag.org\/.recherchiert\/wp-json\/wp\/v2\/posts\/4588\/revisions\/4650"}],"wp:attachment":[{"href":"https:\/\/175er-verlag.org\/.recherchiert\/wp-json\/wp\/v2\/media?parent=4588"}],"wp:term":[{"taxonomy":"category","embeddable":true,"href":"https:\/\/175er-verlag.org\/.recherchiert\/wp-json\/wp\/v2\/categories?post=4588"},{"taxonomy":"post_tag","embeddable":true,"href":"https:\/\/175er-verlag.org\/.recherchiert\/wp-json\/wp\/v2\/tags?post=4588"}],"curies":[{"name":"wp","href":"https:\/\/api.w.org\/{rel}","templated":true}]}}