{"id":4096,"date":"2025-02-21T13:06:56","date_gmt":"2025-02-21T12:06:56","guid":{"rendered":"https:\/\/175er-verlag.org\/.recherchiert\/?p=4096"},"modified":"2025-12-31T13:09:07","modified_gmt":"2025-12-31T12:09:07","slug":"%f0%9f%87%ad%f0%9f%87%ba-cd-1-rosa-von-zehnle-ur-kivansagok-az-ellentmondasok-ellen-ndk-1984-1","status":"publish","type":"post","link":"https:\/\/175er-verlag.org\/.recherchiert\/archive\/4096","title":{"rendered":"\ud83c\udded\ud83c\uddfa&nbsp;CD 1 \u2013 Rosa von Zehnle \u00far: \u201eK\u00edv\u00e1ns\u00e1gok az ellentmond\u00e1sok ellen: NDK 1984\/1\u201f"},"content":{"rendered":"\n<div class=\"wp-block-columns is-layout-flex wp-container-core-columns-is-layout-8f761849 wp-block-columns-is-layout-flex\">\n<div class=\"wp-block-column is-layout-flow wp-block-column-is-layout-flow\">\n<figure data-wp-context=\"{&quot;imageId&quot;:&quot;69f5c4db4c66c&quot;}\" data-wp-interactive=\"core\/image\" data-wp-key=\"69f5c4db4c66c\" class=\"wp-block-image size-full wp-lightbox-container\"><img loading=\"lazy\" decoding=\"async\" width=\"2560\" height=\"2560\" data-wp-class--hide=\"state.isContentHidden\" data-wp-class--show=\"state.isContentVisible\" data-wp-init=\"callbacks.setButtonStyles\" data-wp-on--click=\"actions.showLightbox\" data-wp-on--load=\"callbacks.setButtonStyles\" data-wp-on--pointerdown=\"actions.preloadImage\" data-wp-on--pointerenter=\"actions.preloadImageWithDelay\" data-wp-on--pointerleave=\"actions.cancelPreload\" data-wp-on-window--resize=\"callbacks.setButtonStyles\" src=\"https:\/\/175er-verlag.org\/.recherchiert\/wp-content\/uploads\/2025\/02\/Mauer-CD-1-hu-vorn-k-1-scaled.jpg\" alt class=\"wp-image-4121\" srcset=\"https:\/\/175er-verlag.org\/.recherchiert\/wp-content\/uploads\/2025\/02\/Mauer-CD-1-hu-vorn-k-1-scaled.jpg 2560w, https:\/\/175er-verlag.org\/.recherchiert\/wp-content\/uploads\/2025\/02\/Mauer-CD-1-hu-vorn-k-1-300x300.jpg 300w, https:\/\/175er-verlag.org\/.recherchiert\/wp-content\/uploads\/2025\/02\/Mauer-CD-1-hu-vorn-k-1-scaled-100x100.jpg 100w, https:\/\/175er-verlag.org\/.recherchiert\/wp-content\/uploads\/2025\/02\/Mauer-CD-1-hu-vorn-k-1-scaled-600x600.jpg 600w, https:\/\/175er-verlag.org\/.recherchiert\/wp-content\/uploads\/2025\/02\/Mauer-CD-1-hu-vorn-k-1-1024x1024.jpg 1024w, https:\/\/175er-verlag.org\/.recherchiert\/wp-content\/uploads\/2025\/02\/Mauer-CD-1-hu-vorn-k-1-150x150.jpg 150w, https:\/\/175er-verlag.org\/.recherchiert\/wp-content\/uploads\/2025\/02\/Mauer-CD-1-hu-vorn-k-1-768x768.jpg 768w, https:\/\/175er-verlag.org\/.recherchiert\/wp-content\/uploads\/2025\/02\/Mauer-CD-1-hu-vorn-k-1-1536x1536.jpg 1536w, https:\/\/175er-verlag.org\/.recherchiert\/wp-content\/uploads\/2025\/02\/Mauer-CD-1-hu-vorn-k-1-2048x2048.jpg 2048w\" sizes=\"auto, (max-width: 2560px) 100vw, 2560px\"><button class=\"lightbox-trigger\" type=\"button\" aria-haspopup=\"dialog\" data-wp-bind--aria-label=\"state.thisImage.triggerButtonAriaLabel\" data-wp-init=\"callbacks.initTriggerButton\" data-wp-on--click=\"actions.showLightbox\" data-wp-style--right=\"state.thisImage.buttonRight\" data-wp-style--top=\"state.thisImage.buttonTop\">\n\t\t\t<svg width=\"12\" height=\"12\" fill=\"none\" viewBox=\"0 0 12 12\">\n\t\t\t\t<path fill=\"#fff\" d=\"M2 0a2 2 0 0 0-2 2v2h1.5V2a.5.5 0 0 1 .5-.5h2V0H2Zm2 10.5H2a.5.5 0 0 1-.5-.5V8H0v2a2 2 0 0 0 2 2h2v-1.5ZM8 12v-1.5h2a.5.5 0 0 0 .5-.5V8H12v2a2 2 0 0 1-2 2H8Zm2-12a2 2 0 0 1 2 2v2h-1.5V2a.5.5 0 0 0-.5-.5H8V0h2Z\" \/>\n\t\t\t<\/svg>\n\t\t<\/button><\/figure>\n<\/div>\n\n\n\n<div class=\"wp-block-column is-layout-flow wp-block-column-is-layout-flow\">\n<p class=\"wp-block-paragraph\"><strong>\ud83c\udded\ud83c\uddfa<\/strong> <strong>Rosa von Zehn\u00adle (\u00far) \u2013 CD 1<\/strong>: <br>\u201e<strong>K\u00edv\u00e1ns\u00e1\u00adgok az ellent\u00admon\u00add\u00e1\u00adsok ellen: 1984\/1\u201e<\/strong><br><em>Eze\u00adket (saj\u00e1t) ver\u00adse\u00adket 1984-ben \u00edrtam egy NDK\u2011s b\u00f6r\u00adt\u00f6n\u00adben. \u2013 2024: Negy\u00adven \u00e9vvel k\u00e9s\u0151bb megzen\u00e9s\u00edtettem.<\/em><\/p>\n\n\n\n<p class=\"wp-block-paragraph\"><strong>Ez Az aj\u00e1n\u00add\u00e9\u00adkom a&nbsp;magyaro\u00adknak Febru\u00e1r 25-\u00e9re,<\/strong> <br>a&nbsp;kom\u00admu\u00adnis\u00adta zsar\u00adnoks\u00e1g magyar \u00e1ldo\u00adza\u00adtainak eml\u00e9\u00adk\u00e9\u00adre.<br>Ez most k\u00fcl\u00f6n\u00adle\u00adges lehe\u00adt\u0151\u00ads\u00e9g: MINDENKI meg\u00adhall\u00adga\u00adthat\u00adja az ELS\u0150 CD\u2011m 26 sz\u00e1\u00adm\u00e1t ak\u00e1r h\u00e1romszor is ingy\u00aden \u00e9s tel\u00adjes hoss\u00adz\u00e1\u00adban. \u2013 Ha m\u00e9g min\u00addig nem volt el\u00e9g, \u00e9s sze\u00adret\u00adn\u00e9 tov\u00e1bb \u00e9lvez\u00adni a&nbsp;zen\u00e9t, sze\u00adre\u00adtet\u00adtel meg\u00adh\u00ed\u00adv\u00adjuk a&nbsp;CD meg\u00adv\u00e1\u00ads\u00e1r\u00adl\u00e1\u00ads\u00e1\u00adra. \u2013 B\u00e1r a&nbsp;m\u0171v\u00e9\u00adsz kenye\u00adre a&nbsp;taps, nem csak keny\u00e9\u00adren aka\u00adrok \u00e9lni, hanem a&nbsp;t\u00f6b\u00adbi t\u00e1pl\u00e1\u00adl\u00f3 \u00e9s \u00e9rz\u00e9\u00adki \u00e9lve\u00adzet\u00adtel is, amit az \u00e9let k\u00edn\u00e1l.<br><strong><em>K\u00fcl\u00f6n k\u00f6s\u00adz\u00f6\u00adnet ille\u00adti a&nbsp;p\u00e9csi B\u00e1lint M\u00e1ri\u00e1t, <\/em><\/strong><br><strong><em>aki a&nbsp;ver\u00adset n\u00e9me\u00adtr\u0151l magyar\u00adra ford\u00edtotta.<\/em><\/strong><\/p>\n<\/div>\n<\/div>\n\n\n\n<div class=\"wp-block-columns is-layout-flex wp-container-core-columns-is-layout-8f761849 wp-block-columns-is-layout-flex\">\n<div class=\"wp-block-column is-layout-flow wp-block-column-is-layout-flow\">\n<p class=\"wp-block-paragraph\"><br><strong>Febru\u00e1r 25\u2011i bejegy\u00adz\u00e9s<\/strong> <a href=\"https:\/\/175er-verlag.org\/.recherchiert\/archive\/4201\" target=\"_blank\" rel=\"noreferrer noopener\">\u00bb&gt; itt \u2026<\/a> <br><\/p>\n\n\n\n<hr class=\"wp-block-separator has-alpha-channel-opacity\">\n\n\n\n<p class=\"wp-block-paragraph\"><strong>Ez a&nbsp;cikk a&nbsp;k\u00f6vet\u00adke\u00adz\u0151 nyel\u00adve\u00adken:<\/strong><em><br>\ud83c\udded\ud83c\uddfa <a href=\"https:\/\/175er-verlag.org\/.recherchiert\/archive\/4096\" target=\"_blank\" rel=\"noreferrer noopener\">\u00bb&gt; itt \u2026<\/a> <br>\ud83c\udde9\ud83c\uddea <a href=\"https:\/\/175er-verlag.org\/.recherchiert\/archive\/4017\" target=\"_blank\" rel=\"noreferrer noopener\">\u00bb&gt; hier \u2026<\/a>  <br>\ud83c\uddfa\ud83c\uddf8 <a href=\"https:\/\/175er-verlag.org\/.recherchiert\/archive\/4744\" target=\"_blank\" rel=\"noreferrer noopener\">\u00bb&gt; here \u2026<\/a> <br><\/em><br><strong>A&nbsp;CD \u00f6ss\u00adze\u00adfo\u00adglal\u00f3\u00adja:<\/strong><br>V\u00e9g\u00adre digi\u00adt\u00e1\u00adli\u00adsan is el\u00e9\u00adrhe\u00adt\u0151 az els\u0151 CD\u2011m, 26 sz\u00e1m\u00admal, mely\u00adnek alap\u00advers\u00adei 1984-ben sz\u00fc\u00adlet\u00adtek az NDK b\u00f6r\u00adt\u00f6\u00adn\u00e9\u00adben. A&nbsp;poli\u00adti\u00adk\u00adai\u00adlag bef\u00adoly\u00e1\u00adsolt sz\u00f6\u00advegek sze\u00adm\u00e9\u00adlyes tapasz\u00adtala\u00adto\u00adkat \u00e9s gon\u00addo\u00adla\u00adto\u00adkat t\u00fckr\u00f6z\u00adnek. A&nbsp;13 dal k\u00e9t v\u00e1l\u00adto\u00adzat\u00adban jele\u00adnik meg: egy nyu\u00adgodt \u00e9s egy er\u0151\u00adtel\u00adjes v\u00e1ltozatban.<\/p>\n\n\n\n<p class=\"wp-block-paragraph\">Ez a&nbsp;CD m\u00e9ly betek\u00adin\u00adt\u00e9st ny\u00fajt a&nbsp;m\u00fal\u00adtam\u00adba \u00e9s \u00e9le\u00adtem exeg\u00e9\u00adzi\u00ads\u00e9\u00adbe, amit sz\u00fc\u00adle\u00adtett nyu\u00adgat\u00adn\u00e9\u00admet\u00adk\u00e9nt k\u00e9nyszer hat\u00e1\u00ads\u00e1\u00adra 1989-ig a&nbsp;Falon bel\u00fcl kel\u00adlett \u00e1t\u00e9lnem.<\/p>\n\n\n\n<p class=\"wp-block-paragraph\">A CD k\u00fcl\u00f6n\u00adf\u00e9\u00adle zen\u00adei st\u00ed\u00adlu\u00adsok kever\u00ad\u00e9\u00adk\u00e9t k\u00edn\u00e1l\u00adja, bele\u00e9rt\u00adve a&nbsp;zon\u00adgora\u00admuz\u00adsi\u00adk\u00e1t, a&nbsp;szin\u00adti-popo\u00adt\/\u00adwa\u00adve\u2011t, az elek\u00adtro swin\u00adget, a&nbsp;gothi\u00adcot \u00e9s a&nbsp;hard rock\u00adot \u2013 l\u00e1sd lent a&nbsp;jobb old\u00ada\u00adli oszlopot.<\/p>\n\n\n\n<p class=\"wp-block-paragraph\"><strong>Kat\u00adtint\u00adson ide az album meg\u00adtek\u00adin\u00adt\u00e9\u00ads\u00e9\u00adhez:<\/strong><br>Rosa von Zehn\u00adle (\u00far) \u2013 CD 1:<br><a href=\"http:\/\/\u201eK\u00edv\u00e1ns\u00e1gok az ellentmond\u00e1sok ellen:  NDK 1984\/1&quot;\" target=\"_blank\" rel=\"noreferrer noopener\"><\/a><a href=\"https:\/\/rosa-von-zehnle-ur.bandcamp.com\/album\/k-v-ns-gok-az-ellentmond-sok-ellen-ndk-1984-1\" target=\"_blank\" rel=\"noreferrer noopener\">\u201e<strong>K\u00edv\u00e1ns\u00e1\u00adgok az ellent\u00admon\u00add\u00e1\u00adsok ellen: <\/strong><br><strong>NDK 1984\/1\u201e<\/strong><\/a><br><br><strong>V\u00e9g\u00adre itt van: az els\u0151 zen\u00adei CD\u2011m!<\/strong><br>Min\u00adden sz\u00f6\u00adveg 100%-ban az eny\u00e9m. 40 \u00e9ve \u00edrtam egy NDK\u2011s b\u00f6r\u00adt\u00f6n\u00adben, ami\u00adkor 18 h\u00f3napot kel\u00adlett ott let\u00ad\u00f6l\u00adte\u00adnem a&nbsp;k\u00f6z\u00adt\u00e1r\u00adsas\u00e1g\u00adb\u00f3l val\u00f3 mene\u00adk\u00fcl\u00e9s miatt (ebb\u0151l 8&nbsp;h\u00f3napot a&nbsp;STASI\/\u00c1llambiztons\u00e1gi Minisz\u00adt\u00e9\u00adri\u00adum b\u00f6rt\u00f6n\u00e9ben).<\/p>\n\n\n\n<p class=\"wp-block-paragraph\">E ver\u00adsek egy r\u00e9s\u00adze tov\u00e1b\u00adbi b\u00f6r\u00adt\u00f6n\u00adb\u00fcn\u00adte\u00adt\u00e9st hoz\u00adtak a&nbsp;sz\u00e1\u00admom\u00adre, de \u00e9n mos\u00adolyog\u00adva fogad\u00adtam, \u00e9s ez csak arra \u00f6sz\u00adt\u00f6n\u00adz\u00f6tt, hogy \u00fajabb poli\u00adti\u00adk\u00adai ver\u00adse\u00adket \u00edrjak. \u2013 Hi\u00e1\u00adba a&nbsp;t\u00f6b\u00adblet\u00adb\u00fcn\u00adte\u00adt\u00e9\u00adsek, sem a&nbsp;72 nap mag\u00e1n\u00adz\u00e1r\u00adk\u00e1\u00adban, sem a&nbsp;18 nap\u00adpal \u00e9s \u00e9js\u00adza\u00adka egy s\u00f6t\u00e9t pin\u00adc\u00e9\u00adben, sem az \u00e9hs\u00e9gsz\u00adtr\u00e1\u00adj\u00adkok, sem a&nbsp;STASI b\u00f6r\u00adt\u00f6n\u00adk\u00f3r\u00adh\u00e1z \u00e9s az elle\u00adnem ir\u00e1\u00adnyul\u00f3 tov\u00e1b\u00adbi zakla\u00adt\u00e1s sem tudott megs\u00adzel\u00ed\u00add\u00ed\u00adte\u00adni. His\u00adzen 24 \u00e9ves voltam, \u00e9s tele voltam ener\u00adgi\u00e1\u00adval, mint aho\u00adgy ma&nbsp;is!<\/p>\n\n\n\n<p class=\"wp-block-paragraph\">Akko\u00adri\u00adban, 1984-ben, min\u00adtegy \u00f6tven vers sz\u00fc\u00adle\u00adtett, ame\u00adly\u00adek k\u00e9s\u0151bb meg\u00adze\u00adn\u00e9\u00ads\u00edt\u00adve tov\u00e1b\u00adbi CD-ken is megjelennek.<\/p>\n\n\n\n<p class=\"wp-block-paragraph\">A most el\u00e9\u00adrhe\u00adt\u0151 els\u0151 CD az els\u0151 13 sz\u00e1\u00admot tar\u00adtal\u00admaz\u00adza (ebb\u0151l 11 1984-b\u0151l val\u00f3).<\/p>\n\n\n\n<p class=\"wp-block-paragraph\">Az akko\u00adri ver\u00adsek csak tisz\u00adta ver\u00adse\u00adket tar\u00adtal\u00admaz\u00adtak, k\u00f3ru\u00adso\u00adkat szin\u00adte soha, mert akkor m\u00e9g fogal\u00admam sem volt, hogy zenek\u00e9nt kiad\u00adjam \u0151ket. M\u00e1r az els\u0151 bemu\u00adta\u00adtott zene\u00adm\u0171\u00advek vit\u00e1\u00adkat v\u00e1l\u00adtot\u00adtak ki k\u00f6r\u00fc\u00adl\u00f6t\u00adtem l\u00e9v\u0151k k\u00f6z\u00f6tt, his\u00adzen volt, aki a&nbsp;las\u00ads\u00fab\u00adbak\u00adat, m\u00e1sok pedig az er\u0151\u00adtel\u00adje\u00adseb\u00adbe\u00adket sze\u00adret\u00adt\u00e9k. \u00cdgy sz\u00fc\u00adle\u00adtett meg az \u00f6tlet (f\u0151leg, hogy han\u00adgul\u00adatom\u00adt\u00f3l f\u00fcg\u00adg\u0151en \u00e9n magam is egy\u00adik\u00adn\u00e9l a&nbsp;halk ver\u00adzi\u00f3t, a&nbsp;m\u00e1sik ese\u00adt\u00e9\u00adben a&nbsp;han\u00adgos, gyors ver\u00adzi\u00f3t sze\u00adre\u00adtem), hogy a&nbsp;13 sz\u00e1\u00admot k\u00e9t-k\u00e9t ver\u00adzi\u00f3\u00adval t\u00f6lt\u00adsem fel a&nbsp;CD-re, \u00edgy \u00f6ss\u00adze\u00adsen 26 sz\u00e1\u00admot tar\u00adtal\u00admaz, t\u00f6bb mint 2&nbsp;\u00f3ra \u00f6sszj\u00e1t\u00e9kid\u0151vel.<\/p>\n\n\n\n<p class=\"wp-block-paragraph\">M\u00e9g az id\u00e9n ennek a&nbsp;CD-nek a&nbsp;n\u00e9met \u00e9s az angol v\u00e1l\u00adto\u00adza\u00adta is meg\u00adje\u00adle\u00adnik, majd a&nbsp;rajon\u00adg\u00f3k egy CD \u00e1r\u00e1\u00ad\u00e9rt meg\u00adv\u00e1\u00ads\u00e1\u00adrol\u00adhat\u00adj\u00e1k mind a&nbsp;h\u00e1r\u00admat DVD\u2011n (l\u00e1sd lent a:<br>\u201e<strong>T\u00edz el\u0151\u00adny a&nbsp;rajon\u00adg\u00f3\u00adknak a&nbsp;Band\u00adcamp-en\u201d \u00e9s ott a&nbsp;2. pont&nbsp;alatt).<\/strong><\/p>\n\n\n\n<p class=\"wp-block-paragraph\">A leg\u00adt\u00f6bb fel\u00adhaszn\u00e1lt ere\u00adde\u00adti 1984-es k\u00f6l\u00adte\u00adm\u00e9\u00adny ma is szin\u00adte ugya\u00adnazt mond\u00adja \u00e9s er\u0151\u00ads\u00ed\u00adti meg, mint amit akko\u00adri\u00adban, a&nbsp;negy\u00adven \u00e9vvel ezel\u0151t\u00adti sz\u00f6\u00adve\u00adge\u00adim\u00adben kife\u00adjez\u00adtem.<br>Ami k\u00fcl\u00f6n\u00f6\u00adsen leny\u0171\u00adg\u00f6\u00adz\u0151, az az, hogy 40 \u00e9v alatt mily\u00aden keve\u00adset (vagy sem\u00admit sem) v\u00e1l\u00adto\u00adzott a&nbsp;hat\u00ada\u00adlom az ir\u00e1\u00adny\u00ed\u00adt\u00e1s tek\u00adin\u00adte\u00adt\u00e9\u00adben.<strong> <\/strong><br><br><strong>A&nbsp;zene, mint gy\u00f3\u00adgy\u00ed\u00adt\u00f3 er\u0151!<\/strong><br>Sz\u00e1\u00admom\u00adra nagyon leny\u0171\u00adg\u00f6\u00adz\u0151en mutat\u00adja be a&nbsp;CD, hogy a&nbsp;zene mik\u00e9nt j\u00e1rul hoz\u00adz\u00e1 a&nbsp;poli\u00adti\u00adk\u00adai, t\u00e1rs\u00adadal\u00admi \u00e9s sze\u00adm\u00e9\u00adlyes \u00e9lm\u00e9\u00adny\u00adek fel\u00addol\u00adgo\u00adz\u00e1\u00ads\u00e1\u00adhoz, \u00e9s hogyan lehet a&nbsp;m\u00fal\u00adtat\u200b\u00fagy \u00e1talak\u00ed\u00adta\u00adni, hogy az ne csak szo\u00admor\u00fa eml\u00e9k mar\u00adad\u00adjon, hanem oly\u00adan gy\u00f3\u00adgyul\u00e1\u00adsi elem\u00adk\u00e9nt szol\u00adg\u00e1l\u00adjon, ame\u00adly el\u0171\u00adzi az \u00e9lm\u00e9\u00adny s\u00f6t\u00e9t \u00e1rn\u00adya\u00adit an\u00e9l\u00adk\u00fcl, hogy a&nbsp;nega\u00adt\u00edv ener\u00adgi\u00e1\u00adknak nagyobb hat\u00adal\u00admat adna, mint amen\u00adny\u00adit meg\u00e9rdemeln\u00e9nek.<\/p>\n\n\n\n<p class=\"wp-block-paragraph\">\u00cdgy az els\u0151 CD\u2011m zen\u00e9\u00adje egy f\u00e9ny\u00adsug\u00e1r, ame\u00adly \u00e1tt\u00f6\u00adri \u00e9s legy\u0151\u00adzi a&nbsp;m\u00falt s\u00f6t\u00e9t\u00ads\u00e9\u00adg\u00e9t, \u00e1tv\u00e1l\u00adtoz\u00adtat\u00adva eze\u00adket az egy\u00adkor gy\u00f6t\u00adrel\u00admes \u00e9lm\u00e9\u00adny\u00ade\u00adket a&nbsp;mai szel\u00edd, hall\u00adga\u00adtha\u00adt\u00f3 \u00e9s zen\u00adei visszhan\u00adgok\u00adk\u00e1, ame\u00adly\u00adek mega\u00adj\u00e1n\u00add\u00e9\u00adkoz\u00adnak ben\u00adn\u00fcnket azz\u00adal, hogy eli\u00add\u0151z\u00adz\u00fcnk a&nbsp;dalok t\u00f6r\u00adt\u00e9\u00adne\u00adt\u00adei k\u00f6z\u00f6tt an\u00e9l\u00adk\u00fcl, hogy tra\u00adgi\u00adkus var\u00e1z\u00adsa tel\u00adje\u00adsen megra\u00adg\u00adad\u00adna, de ennek elle\u00adn\u00e9\u00adre a&nbsp;zen\u00e9m rem\u00e9n\u00adnyel \u00e9s \u00f6nbi\u00adza\u00adlom\u00admal gy\u00f3\u00adgy\u00ed\u00adt\u00f3 er\u0151t bon\u00adta\u00adkoz\u00adtat&nbsp;ki.<br><br><\/p>\n<\/div>\n\n\n\n<div class=\"wp-block-column is-layout-flow wp-block-column-is-layout-flow\">\n<p class=\"wp-block-paragraph\"><br><strong>Ez a&nbsp;CD itt \u00e9rhe\u00adt\u0151 el:<\/strong><br>HU <a href=\"https:\/\/rosa-von-zehnle-ur.bandcamp.com\/album\/k-v-ns-gok-az-ellentmond-sok-ellen-ndk-1984-1\" target=\"_blank\" rel=\"noreferrer noopener\">K\u00edv\u00e1ns\u00e1\u00adgok \u2026 NDK 1984\/1<\/a><br>DE <a href=\"https:\/\/rosa-von-zehnle-ur.bandcamp.com\/album\/w-nsche-wider-widerspr-che-ddr-1984-1\" target=\"_blank\" rel=\"noreferrer noopener\">W\u00fcn\u00adsche wie\u00adder \u2026 DDR 1984\/1<\/a><br>EN <a href=\"https:\/\/rosa-von-zehnle-ur.bandcamp.com\/album\/album-desire-against-expectations-gdr-1984-1-26\" target=\"_blank\" rel=\"noreferrer noopener\">Desi\u00adre against \u2026 GDR 1984\/1<\/a><br><br><br><strong>Rosa von Zehn\u00adle (\u00far) \u2013 CD 1<\/strong>:<br><a href=\"https:\/\/rosa-von-zehnle-ur.bandcamp.com\/album\/k-v-ns-gok-az-ellentmond-sok-ellen-ndk-1984-1\" target=\"_blank\" rel=\"noreferrer noopener\">\u201e<strong>K\u00edv\u00e1ns\u00e1\u00adgok az ellent\u00admon\u00add\u00e1\u00adsok ellen: <\/strong><br><strong>NDK 1984\/1\u2033<\/strong><\/a><\/p>\n\n\n\n<p class=\"wp-block-paragraph\"><strong>Poli\u00adti\u00adk\u00adai\u00adlag bef\u00adoly\u00e1\u00adsolt gon\u00addo\u00adla\u00adtok <\/strong><strong>1984:<\/strong><br>01 \u2013 Gon\u00addo\u00adlat\u00adpa\u00adra\u00addic\u00adsom<br>02 \u2013 A&nbsp;val\u00f3s id\u0151<br>03 \u2013 A&nbsp;k\u00fcl\u00f6n\u00adbs\u00e9g<br>04 \u2013 Els\u0151 gon\u00addo\u00adla\u00adta\u00adim<br>05 \u2013 \u2026 \u00e9s k\u00edv\u00e1ns\u00e1\u00adgok<br>06 \u2013 Nukle\u00e1\u00adris J\u00e1ts\u00adz\u00f3\u00adt\u00e9r<br><br><strong>Val\u00f3s\u00e1\u00adgos sza\u00adti\u00adri\u00adkus h\u00e9t\u00adk\u00f6z\u00adna\u00adpok <\/strong><strong>1984:<\/strong><br>07 \u2013 Legy\u00e9l p\u00e1rt\u00adtag<br>08 \u2013 Gy\u0171j\u00adt\u00e9\u00adsi tip\u00adpek<br>09 \u2013 T\u00edz kicsi Tra\u00adbi<br>10 \u2013 Itt a&nbsp;tava\u00adsz<br>11 \u2013 Bol\u00addog sz\u00fc\u00adle\u00adt\u00e9s\u00adnapot<br><br><strong>Aktu\u00e1\u00adlis b\u00f3nus\u00adzok 2024:<\/strong><br>12 \u2013 \u00d6r\u00f6k eml\u00e9\u00adke\u00adzet\u00adben<br>13 \u2013 \u00daj\u00e9\u00advi k\u00f6sz\u00f6nt\u0151<\/p>\n\n\n\n<p class=\"wp-block-paragraph\"><strong>Itt tal\u00e1l\u00adha\u00adt\u00f3 az album:<\/strong><br>Rosa von Zehn\u00adle (\u00far) \u2013 CD 1:<br><a href=\"http:\/\/\u201eK\u00edv\u00e1ns\u00e1gok az ellentmond\u00e1sok ellen:  NDK 1984\/1&quot;\" target=\"_blank\" rel=\"noreferrer noopener\"><\/a><a href=\"https:\/\/rosa-von-zehnle-ur.bandcamp.com\/album\/k-v-ns-gok-az-ellentmond-sok-ellen-ndk-1984-1\" target=\"_blank\" rel=\"noreferrer noopener\">\u201e<strong>K\u00edv\u00e1ns\u00e1\u00adgok az ellent\u00admon\u00add\u00e1\u00adsok ellen: <\/strong><br><strong>NDK 1984\/1\u201e<\/strong><\/a><br><em>K\u00e9rlek sz\u00f3lj hoz\u00adz\u00e1 len\u00adnebb, k\u00f6vess a&nbsp;Band\u00adcamp-en (job\u00adbra fent a&nbsp;k\u00e9pem alatt \u201eK\u00f6vess\u201d), \u00e9s \u00e9rezd j\u00f3l mag\u00adad a&nbsp;CD hall\u00adga\u00adt\u00e1\u00adsa k\u00f6z\u00adben.<\/em><br><br><br><strong>C\u00edmek \u00e9s r\u00f6vid meg\u00adjegy\u00adz\u00e9\u00adsek arr\u00f3l, hogyan \u00e9s mi\u00e9rt k\u00e9s\u00adz\u00fcl\u00adtek a&nbsp;dalok:<\/strong><\/p>\n\n\n\n<ul class=\"wp-block-list\">\n<li><strong>01<\/strong> &amp;&nbsp;14 \u2013<strong> <a href=\"https:\/\/rosa-von-zehnle-ur.bandcamp.com\/album\/k-v-ns-gok-az-ellentmond-sok-ellen-ndk-1984-1\" target=\"_blank\" rel=\"noreferrer noopener\">\u201eGon\u00addo\u00adlat\u00adpa\u00adra\u00addic\u00adsom\u201f<\/a>:<\/strong><br>Gon\u00addo\u00adla\u00adta\u00adim, ami\u00adkor kin\u00e9z\u00adtem a&nbsp;b\u00f6r\u00adt\u00f6n r\u00e1c\u00adsos ablak\u00e1n.<\/li>\n\n\n\n<li>02 &amp;&nbsp;15 \u2013<strong> <a href=\"https:\/\/rosa-von-zehnle-ur.bandcamp.com\/album\/k-v-ns-gok-az-ellentmond-sok-ellen-ndk-1984-1\" target=\"_blank\" rel=\"noreferrer noopener\">\u201eA val\u00f3s id\u0151\u201f<\/a>:<\/strong><br>Az id\u0151 g\u00f6r\u00add\u00fcl\u00e9\u00adke\u00adny \u00e9s \u00e1tme\u00adne\u00adti jelleg\u00e9r\u0151l.<\/li>\n\n\n\n<li>03 &amp;&nbsp;16 \u2013<strong> <a href=\"https:\/\/rosa-von-zehnle-ur.bandcamp.com\/album\/k-v-ns-gok-az-ellentmond-sok-ellen-ndk-1984-1\" target=\"_blank\" rel=\"noreferrer noopener\">\u201eA k\u00fcl\u00f6n\u00adbs\u00e9g\u201f<\/a>:<\/strong><br>Ellen\u00adt\u00e9t a&nbsp;saj\u00e1t tud\u00e1s \u00e9s hat\u00adal\u00admi bef\u00adoly\u00e1\u00adsa k\u00f6z\u00f6tt.<\/li>\n\n\n\n<li>04 &amp;&nbsp;17 \u2013<strong> <a href=\"https:\/\/rosa-von-zehnle-ur.bandcamp.com\/album\/k-v-ns-gok-az-ellentmond-sok-ellen-ndk-1984-1\" target=\"_blank\" rel=\"noreferrer noopener\">\u201eEls\u0151 gon\u00addo\u00adla\u00adta\u00adim\u201f<\/a>:<\/strong><br>Korai gon\u00addo\u00adla\u00adtok a&nbsp;STASI b\u00f6r\u00adt\u00f6\u00adn\u00e9\u00adb\u0151l val\u00f3 k\u00e9s\u0151b\u00adbi szabadul\u00e1sr\u00f3l.<\/li>\n\n\n\n<li>05 &amp;&nbsp;18 \u2013<strong> <a href=\"https:\/\/rosa-von-zehnle-ur.bandcamp.com\/album\/k-v-ns-gok-az-ellentmond-sok-ellen-ndk-1984-1\" target=\"_blank\" rel=\"noreferrer noopener\">\u201e\u2026 \u00e9s k\u00edv\u00e1ns\u00e1\u00adgok\u201f<\/a>:<\/strong><br>A n\u00e9met \u00fajr\u00adaegy\u00ade\u00ads\u00ed\u00adt\u00e9s\u00adr\u0151l sz\u00f3l\u00f3 1984-es dal.<\/li>\n\n\n\n<li>06 &amp;&nbsp;19 \u2013<strong> <a href=\"https:\/\/rosa-von-zehnle-ur.bandcamp.com\/album\/k-v-ns-gok-az-ellentmond-sok-ellen-ndk-1984-1\" target=\"_blank\" rel=\"noreferrer noopener\">\u201eNukle\u00e1\u00adris J\u00e1ts\u00adz\u00f3\u00adt\u00e9r\u201f<\/a>:<\/strong><br>Az 1984-es \u00e9s 2024-es nukle\u00e1\u00adris h\u00e1bor\u00fa fenye\u00adge\u00adt\u00e9\u00ads\u00e9\u00advel foglalkozik.<\/li>\n\n\n\n<li>07 &amp;&nbsp;20 \u2013<strong> <a href=\"https:\/\/rosa-von-zehnle-ur.bandcamp.com\/album\/k-v-ns-gok-az-ellentmond-sok-ellen-ndk-1984-1\" target=\"_blank\" rel=\"noreferrer noopener\">\u201eLegy\u00e9l p\u00e1rt\u00adtag\u201f<\/a>:<\/strong><br>Sze\u00adm\u00e9\u00adlyes tapasz\u00adtala\u00adtok az NDK-b\u00f3l.<\/li>\n\n\n\n<li>08 &amp;&nbsp;21 \u2013<strong> <a href=\"https:\/\/rosa-von-zehnle-ur.bandcamp.com\/album\/k-v-ns-gok-az-ellentmond-sok-ellen-ndk-1984-1\" target=\"_blank\" rel=\"noreferrer noopener\">\u201eGy\u0171j\u00adt\u00e9\u00adsi tip\u00adpek\u201f<\/a>:<\/strong><br>Sza\u00adti\u00adri\u00adkus elm\u00e9l\u00adke\u00add\u00e9s a&nbsp;poli\u00adti\u00adk\u00adai\u00adlag ir\u00e1\u00adny\u00ed\u00adtott t\u00e1rs\u00adadal\u00admi szerepv\u00e1llal\u00e1sr\u00f3l.<\/li>\n\n\n\n<li>09 &amp;&nbsp;22 \u2013<strong> <a href=\"https:\/\/rosa-von-zehnle-ur.bandcamp.com\/album\/k-v-ns-gok-az-ellentmond-sok-ellen-ndk-1984-1\" target=\"_blank\" rel=\"noreferrer noopener\">\u201eT\u00edz kicsi Tra\u00adbi<strong><a href=\"https:\/\/rosa-von-zehnle-ur.bandcamp.com\/album\/k-v-ns-gok-az-ellentmond-sok-ellen-ndk-1984-1\" target=\"_blank\" rel=\"noreferrer noopener\">\u201f<\/a><\/strong><\/a>:<\/strong><br>K\u00f6n\u00adny\u00aded, ironi\u00adkus darab, de m\u00f6g\u00f6t\u00adtes jelent\u00e9ssel.<\/li>\n\n\n\n<li>10 &amp;&nbsp;23 \u2013<strong> <a href=\"https:\/\/rosa-von-zehnle-ur.bandcamp.com\/album\/k-v-ns-gok-az-ellentmond-sok-ellen-ndk-1984-1\" target=\"_blank\" rel=\"noreferrer noopener\">\u201eItt a&nbsp;tava\u00adsz\u201f<\/a>:<\/strong><br>Rem\u00e9\u00adny\u00adtel\u00adjes \u00e9s \u00e9bre\u00adde\u00adz\u0151, poli\u00adti\u00adk\u00adai\u00adlag is \u00e9rtel\u00admez\u00adhe\u00adt\u0151&nbsp;dal.<\/li>\n\n\n\n<li>11 &amp;&nbsp;24 \u2013<strong> <a href=\"https:\/\/rosa-von-zehnle-ur.bandcamp.com\/album\/k-v-ns-gok-az-ellentmond-sok-ellen-ndk-1984-1\" target=\"_blank\" rel=\"noreferrer noopener\">\u201eBol\u00addog sz\u00fc\u00adle\u00adt\u00e9s\u00adnapot\u201f<\/a>:<\/strong><br>Sz\u00fc\u00adle\u00adt\u00e9s\u00adna\u00adpi \u00fcdv\u00f6z\u00adlet \u00e1ltal\u00e1\u00adnos \u00fczenetekkel.<\/li>\n\n\n\n<li>12 &amp;&nbsp;25 \u2013<strong> <a href=\"https:\/\/rosa-von-zehnle-ur.bandcamp.com\/album\/k-v-ns-gok-az-ellentmond-sok-ellen-ndk-1984-1\" target=\"_blank\" rel=\"noreferrer noopener\">\u201e\u00d6r\u00f6k eml\u00e9\u00adke\u00adzet\u00adben\u201f<\/a>:<\/strong><br>Sze\u00adm\u00e9\u00adlyes eml\u00e9k\u00addal a&nbsp;saj\u00e1t csal\u00e1\u00addi sorsomr\u00f3l.<\/li>\n\n\n\n<li>13 &amp;&nbsp;26 \u2013<strong> <a href=\"https:\/\/rosa-von-zehnle-ur.bandcamp.com\/album\/k-v-ns-gok-az-ellentmond-sok-ellen-ndk-1984-1\">\u201e\u00daj\u00e9\u00advi k\u00f6s\u00adz\u00f6n\u00adt\u0151\u201f<\/a>:<\/strong><br>Pozi\u00adt\u00edv kil\u00e1\u00adt\u00e1\u00adsok egy b\u00e9k\u00e9\u00adsebb 2025-\u00f6s \u00e9vre.<\/li>\n<\/ul>\n\n\n\n<p class=\"wp-block-paragraph\"><br><br><strong>R\u00f6vid infor\u00adm\u00e1\u00adci\u00f3 a&nbsp;sz\u00f6\u00adveg- \u00e9s zen\u00adei ter\u00adve\u00adz\u00e9s\u00adr\u0151l<\/strong>!<br>Ezek az 1980-as \u00e9vek zen\u00adei st\u00ed\u00adlu\u00adsai, ame\u00adly\u00ade\u00adket sze\u00adre\u00adtek \u00e9s haszn\u00e1l\u00adtam, mivel m\u00e9g ma is hall\u00adgatom \u0151ket, \u00e9s k\u00f6vet\u00adke\u00adz\u0151k\u00e9p\u00adpen oszla\u00adnak el a&nbsp;c\u00edmek k\u00f6z\u00f6tt:<br>\u2013 <strong>Hege\u00add\u0171 \u00e9s las\u00ads\u00fabb st\u00ed\u00adlus<\/strong> (01, 02, 03, 04, 05, 10, 12), ugya\u00adn\u00adak\u00adkor nagyon kife\u00adje\u00adz\u0151 \u00e9s zen\u00adei\u00adleg er\u0151\u00adtel\u00adjes, \u00e9s (sz\u00e1\u00admom\u00adra) liba\u00adb\u0151r el\u0151i\u00add\u00e9\u00adz\u0151 (06 \u00e9s 13);<br>\u2013&nbsp;<strong>Elek\u00adtro\u00ads\u00adwing<\/strong>&nbsp;(07);<br>\u2013 Synthpop\/Synthwave (08, 09, 11, 23 \u00e9s 26);<br>\u2013 Gothic &amp;&nbsp;Hard\/Rock (14, 15, 16, 17, 18, 19, 20, 21, 22, 24 \u00e9s 25).<br><br><br><strong>Itt tal\u00e1l\u00adha\u00adt\u00f3 az album:<\/strong><br>Rosa von Zehn\u00adle (\u00far) \u2013 CD 1:<br><a href=\"http:\/\/\u201eK\u00edv\u00e1ns\u00e1gok az ellentmond\u00e1sok ellen:  NDK 1984\/1&quot;\" target=\"_blank\" rel=\"noreferrer noopener\"><\/a><a href=\"https:\/\/rosa-von-zehnle-ur.bandcamp.com\/album\/k-v-ns-gok-az-ellentmond-sok-ellen-ndk-1984-1\" target=\"_blank\" rel=\"noreferrer noopener\">\u201e<strong>K\u00edv\u00e1ns\u00e1\u00adgok az ellent\u00admon\u00add\u00e1\u00adsok ellen: <\/strong><br><strong>NDK 1984\/1\u2033<\/strong><\/a><br><\/p>\n\n\n\n<p class=\"wp-block-paragraph\"><br><strong>Ez a&nbsp;CD itt \u00e9rhe\u00adt\u0151 el:<\/strong><br>\ud83c\udded\ud83c\uddfa <a href=\"https:\/\/rab-k.de\/bc-ddr-cd-1-hu\" target=\"_blank\" rel=\"noreferrer noopener\">https:\/\/rab\u2011k.de\/bc-ddr-cd-1-hu<\/a> <br>\ud83c\udde9\ud83c\uddea <a href=\"https:\/\/rab-k.de\/bc-ddr-cd-1-de\" target=\"_blank\" rel=\"noreferrer noopener\">https:\/\/rab\u2011k.de\/bc-ddr-cd-1-de <\/a><br>\ud83c\uddfa\ud83c\uddf8 <a href=\"https:\/\/rab-k.de\/bc-ddr-cd-1-en\" target=\"_blank\" rel=\"noreferrer noopener\">https:\/\/rab\u2011k.de\/bc-ddr-cd-1-en <\/a><\/p>\n<\/div>\n<\/div>\n\n\n\n<p class=\"has-text-align-center wp-block-paragraph\"><strong>Sz\u00f6\u00adveg \u00e9s meg\u00adze\u00adn\u00e9\u00ads\u00ed\u00adt\u00e9s:<\/strong><br><em>Jojo, ali\u00adas \u00a9 Rosa von Zehn\u00adle (\u00far)<\/em><br><a href=\"https:\/\/rosa-von-zehnle-ur.bandcamp.com\/\">https:\/\/rosa-von-zehnle-ur.bandcamp.com<\/a><br><br>Ha sze\u00adret\u00adne egy r\u00f6vid \u00e1ttek\u00adin\u00adt\u00e9st kapni a&nbsp;CD-r\u0151l kis hang\u00admin\u00adt\u00e1k\u00adkal, k\u00e9rj\u00fck, <br>l\u00e1to\u00adgas\u00adson el ide a&nbsp;You\u00adTube-on:<br><a href=\"https:\/\/youtu.be\/iSYgLzM_UrQ?si=caXRHCNqd-WZDE9_\" target=\"_blank\" rel=\"noreferrer noopener\">You\u00adtube: \u201eK\u00edv\u00e1ns\u00e1\u00adgok az ellent\u00admon\u00add\u00e1\u00adsok ellen: NDK 1984\/1\u201c<\/a><\/p>\n\n\n\n<p class=\"has-text-align-center wp-block-paragraph\"><\/p>\n\n\n\n<p class=\"wp-block-paragraph\"><br><br><strong>T\u00edz el\u0151\u00adny a&nbsp;Zenevi\u00add\u00e9k rajon\u00adg\u00f3i sz\u00e1\u00adm\u00e1\u00adra:<\/strong><br><a href=\"https:\/\/rosa-von-zehnle-ur.bandcamp.com\/\" target=\"_blank\" rel=\"noreferrer noopener\">https:\/\/rosa-von-zehnle-ur.bandcamp.com<\/a><\/p>\n\n\n\n<ol class=\"wp-block-list\">\n<li><strong>Kor\u00adl\u00e1\u00adto\u00adzott ingyenes hall\u00adga\u00adt\u00e1s:<\/strong><br>Az \u00f6ss\u00adzes \u00faj dalom ak\u00e1r h\u00e1romszor is meg\u00adhall\u00adga\u00adtha\u00adt\u00f3 ingy\u00aden! Azt\u00e1n, ha meg\u00adv\u00e1\u00ads\u00e1\u00adrol\u00adja egyszer, hall\u00adga\u00adthat\u00adja eg\u00e9\u00adsz \u00e9le\u00adt\u00e9\u00adben min\u00adden eszk\u00f6\u00adz\u00f6n (sz\u00e1\u00adm\u00ed\u00adt\u00f3\u00adg\u00e9\u00adpen, lap\u00adtop\u00adon, t\u00e1bla\u00adg\u00e9\u00adpen, tele\u00adfo\u00adnon\u2026) an\u00e9l\u00adk\u00fcl, hogy \u00fajra fizet\u00adnie kel\u00adle\u00adne \u00e9rte.Folyamatban vannak!<\/li>\n\n\n\n<li><strong>A CD-jeim fizi\u00adkai adathordo\u00adz\u00f3k\u00e9nt is el\u00e9\u00adrhe\u00adt\u0151ek.<\/strong><br>El\u0151\u00adny: min\u00adden tel\u00adjes album (CD) h\u00e1rom nyel\u00adven (magyar, n\u00e9met \u00e9s angol) jele\u00adnik meg. H\u00e1rom k\u00fcl\u00f6n\u00e1l\u00adl\u00f3 CD hely\u00adett az \u00f6ss\u00adzes ver\u00adzi\u00f3 egy\u00fctt kapha\u00adt\u00f3 egy DVD\u2011n \u2013 egy\u00adet\u00adlen CD \u00e1r\u00e1\u00ad\u00e9rt, azaz CSAK 27,77 eur\u00f3\u00e9rt. Ez \u00e1ltal\u00e1\u00adban 78 dal (13 ere\u00adde\u00adti dal, min\u00addegy\u00adik 2&nbsp;ver\u00adzi\u00f3\u00adval \u00e9s 3&nbsp;nyel\u00adven). \u2013 Ennyi p\u00e9n\u00adz\u00e9rt nem lehet t\u00f6bb zen\u00e9t kapni, <strong>alig 36 euro\u00adcent egy zenem\u0171!<\/strong><\/li>\n\n\n\n<li><strong>Kie\u00adg\u00e9\u00ads\u00adz\u00ed\u00adt\u0151 aj\u00e1n\u00add\u00e9k <\/strong><br>R\u00e1a\u00add\u00e1\u00adsul egy kis megle\u00adpe\u00adt\u00e9s v\u00e1r\u00adja, ha anal\u00f3g for\u00adm\u00e1\u00adban v\u00e1s\u00e1\u00adrol\u00adja&nbsp;meg.<\/li>\n\n\n\n<li><strong>Min\u00adden zene\u00addara\u00adbo\u00admat 432&nbsp;Hz-re kon\u00adver\u00adt\u00e1l\u00adtam!<\/strong><br>A zene\u00ed\u00adny\u00aden\u00adcek tud\u00adj\u00e1k, hogy a&nbsp;432&nbsp;Hz-es frek\u00adven\u00adcia har\u00admo\u00adni\u00adkus\u00adabb \u00e9s ter\u00adm\u00e9s\u00adze\u00adte\u00adsebb, mint az 1939-ben r\u00e1n\u00adker\u0151l\u00adte\u00adtett, zavar\u00f3 440&nbsp;Hz-es hang\u00adma\u00adgas\u00ads\u00e1g. A&nbsp;432&nbsp;Hz-es rez\u00adg\u00e9\u00adsek ter\u00adm\u00e9s\u00adze\u00adte\u00adsek, laz\u00ed\u00adt\u00f3 hat\u00e1\u00ads\u00faak, ez\u00e1l\u00adtal m\u00e9ly\u00adebb \u00e9rzel\u00admi kapc\u00adsol\u00f3\u00add\u00e1st tesz\u00adnek lehe\u00adt\u0151\u00adv\u00e9 a&nbsp;zen\u00e9hez.<\/li>\n\n\n\n<li><strong>Kor\u00adl\u00e1t\u00adlan mobil strea\u00adming:<\/strong><br>Hall\u00adgas\u00adsa meg a&nbsp;Zenevi\u00add\u00e9k ter\u00adm\u00e9\u00adkeit az ingyenes Zenevi\u00add\u00e9k alkal\u00adma\u00adz\u00e1s seg\u00edt\u00ads\u00e9\u00adg\u00e9\u00advel iOS-re \u00e9s Andro\u00adi\u00add\u00adra. Hoz\u00adzon l\u00e9t\u00adre v\u00e1ra\u00adko\u00adz\u00f3 osz\u00adlo\u00adpo\u00adkat \u00e9s lej\u00e1ts\u00adz\u00e1\u00adsi lis\u00adt\u00e1\u00adkat az \u00f3r\u00e1\u00adkon \u00e1t tar\u00adt\u00f3 ren\u00adde\u00adzett, foly\u00adama\u00adtos zenehallgat\u00e1shoz.<\/li>\n\n\n\n<li><strong>Kor\u00e1bbabbanmegv\u00e1s\u00e1roltCD\u2011k \u00fajra let\u00ad\u00f6l\u00adt\u00e9\u00adse:<\/strong><br>Hoz\u00adz\u00e1\u00adf\u00e9\u00adr\u00e9s a&nbsp;m\u00e1r meg\u00adv\u00e1\u00ads\u00e1\u00adrolt kiv\u00e1\u00adl\u00f3 min\u0151\u00ads\u00e9\u00adg\u0171 zenelemezekhez.<\/li>\n\n\n\n<li><strong>Hoz\u00adzon l\u00e9t\u00adre egy k\u00edv\u00e1ns\u00e1g\u00adlis\u00adt\u00e1t:<\/strong><br>K\u00f6n\u00adny\u00aded\u00e9n k\u00f6ve\u00adthe\u00adti az \u00d6nt \u00e9rde\u00adkl\u0151&nbsp;zen\u00e9t.<\/li>\n\n\n\n<li><strong>Ne hagy\u00adjon ki egy\u00adet\u00adlen \u00faj kia\u00add\u00e1st sem:<\/strong><br>K\u00f6ves\u00adse ked\u00advenc el\u0151a\u00add\u00f3it, \u00e9s els\u0151k\u00e9nt \u00e9rte\u00ads\u00fcl\u00adj\u00f6n az \u00faj kiadv\u00e1nyokr\u00f3l.<\/li>\n\n\n\n<li><strong>\u00daj zene fel\u00adfe\u00adde\u00adz\u00e9\u00adse:<\/strong><br>A <em>Zene \u00e1ttek\u00adin\u00adt\u00e9\u00adse<\/em> az \u00f6ss\u00adzes k\u00f6ve\u00adtett el\u0151a\u00add\u00f3 \u00e9s rajon\u00adg\u00f3 tev\u00e9\u00adke\u00adny\u00ads\u00e9\u00adg\u00e9t mutat\u00adja, \u00e9s lehe\u00adt\u0151\u00adv\u00e9 tes\u00adzi, hogy azon\u00adnal meg\u00adhall\u00adga\u00adthassa aj\u00e1n\u00adl\u00e1\u00adsai\u00admat \u00e9s \u00faj kiad\u00adv\u00e1\u00adn\u00adya\u00adi\u00admat. \u2013 Teh\u00e1t nem csak az \u00faj kiadv\u00e1nyaimat!<\/li>\n\n\n\n<li><strong>A kiv\u00e1\u00adl\u00f3 zen\u00adei \u00edzl\u00e9\u00ads\u00e9\u00adnek meg\u00adfelel\u0151 zene\u00addara\u00adbok meg\u00adosz\u00adt\u00e1\u00adsa:<\/strong><br>Egy test\u00adres\u00adzab\u00adha\u00adt\u00f3 old\u00adal lehe\u00adt\u0151\u00adv\u00e9 tes\u00adzi a \u201eZenevi\u00add\u00e9k\u201c zen\u00adei gy\u0171j\u00adte\u00adm\u00e9\u00adny\u00e9\u00adnek vil\u00e1gs\u00adzer\u00adte t\u00f6r\u00adt\u00e9\u00adn\u0151 bemutat\u00e1s\u00e1t.<\/li>\n<\/ol>\n\n\n\n<!-- RoZe-html-Code -->\n<div style=\"text-align: center;\">\n  <br>\n  <p><strong><em>Rosa von Zehn\u00adle&nbsp;\u00far<\/em><\/strong><br>\n  <span style=\"font-size: smaller;\"><em>\u00d9jud\u00advar, 2025.02.25<\/em><\/span><\/p>\n  <p style=\"margin-bottom: 20px;\"><a href=\"https:\/\/175er-verlag.org\/.recherchiert\/archive\/4096\" target=\"_blank\" title=\"Hier geht es zur\u00fcck zur Eingangsseite!\" rel=\"noopener\">https:\/\/175er-verlag.org\/.recherchiert\/archive\/4096<\/a><\/p>\n  \n  <br>\n  <br>\n<\/div>\n\n\n\n<p class=\"wp-block-paragraph\"><\/p>\n<p>Views: 83<\/p>","protected":false},"excerpt":{"rendered":"<p>\ud83c\udded\ud83c\uddfa Rosa von Zehn\u00adle (\u00far) \u2013 CD 1: \u201eK\u00edv\u00e1ns\u00e1\u00adgok az ellent\u00admon\u00add\u00e1\u00adsok ellen: 1984\/1\u201eEze\u00adket (saj\u00e1t) ver\u00adse\u00adket 1984-ben \u00edrtam egy NDK\u2011s b\u00f6r\u00adt\u00f6n\u00adben. \u2013 2024: Negy\u00adven \u00e9vvel k\u00e9s\u0151bb meg\u00adze\u00adn\u00e9\u00ads\u00ed\u00adtet\u00adtem. Ez Az aj\u00e1n\u00add\u00e9\u00adkom a&nbsp;magyaro\u00adknak Febru\u00e1r 25-\u00e9re, a&nbsp;kom\u00admu\u00adnis\u00adta zsar\u00adnoks\u00e1g magyar \u00e1ldo\u00adza\u00adtainak eml\u00e9\u00adk\u00e9\u00adre.Ez most k\u00fcl\u00f6n\u00adle\u00adges lehe\u00adt\u0151\u00ads\u00e9g: MINDENKI meg\u00adhall\u00adga\u00adthat\u00adja az ELS\u0150 CD\u2011m 26 sz\u00e1\u00adm\u00e1t ak\u00e1r h\u00e1romszor is ingy\u00aden \u00e9s tel\u00adjes hossz\u00e1ban.&nbsp;\u2013&nbsp;[\u2026]<\/p>\n","protected":false},"author":1,"featured_media":0,"comment_status":"open","ping_status":"closed","sticky":false,"template":"","format":"standard","meta":{"_crdt_document":"","_regular_price":[],"currency_symbol":[],"_uag_custom_page_level_css":"","wp_typography_post_enhancements_disabled":false,"footnotes":""},"categories":[1003],"tags":[1010,1027,1201,1215,1023,1014,1009,602,1197,1005,1209,1202,1200,1195,1006,1212,1203,1216,1193,68,1024,1223,1016,1206,1011,1030,1018,1031,1210,1214,1221,1039,1192,1022,933,1019,1196,1025,1225,1017,1218,1026,1190,776,1217,1213,1204,1029,209,1194,1191,698,1220,1205,1199,1013,1020,94,1015,1222,1211,1207,1208,1028,1004,1032,1021,1008,1219,1007,1198,1012,1224],"class_list":["post-4096","post","type-post","status-publish","format-standard","hentry","category-rosa-von-zehnle-ur-cd-1-2024","tag-1010","tag-1027","tag-26-titel","tag-bandcamp","tag-boldog","tag-boertoen","tag-cd-1","tag-ddr","tag-ddr-1984","tag-deutsch-rosa-von-zehnle","tag-digital-erhaeltlich","tag-dvd","tag-einzelhaft","tag-elektroswing","tag-ellentmondasok","tag-englische-version","tag-erste-cd","tag-erste-gedanken","tag-exegese","tag-freiheit","tag-fruehling","tag-geburtstag","tag-gedanken","tag-gedankenparadies","tag-gedichte","tag-gefaengnis","tag-glueck","tag-gondolatok","tag-gothic","tag-hard-rock","tag-heilung","tag-hoffnung","tag-hungerstreik","tag-in-memoriam","tag-karacsony","tag-kivansagok","tag-klaviermusik","tag-koezlekedesi-tabla","tag-lichtstrahl","tag-megzenesitettem","tag-memoriam","tag-musikalische-umsetzung","tag-musikstile","tag-ndk","tag-neujahrsgruesse","tag-nuklearer-spielplatz","tag-parteimitglied","tag-politikailag","tag-politisch","tag-politische-gedichte","tag-republikflucht","tag-rosa-von-zehnle","tag-sammeltip","tag-stasi-knast","tag-synth-pop","tag-szoevegek","tag-tavasz","tag-texte","tag-trabi","tag-trabilein","tag-ungarische-version","tag-unterschied","tag-valentinstag","tag-verkehrsschild","tag-versek","tag-vertont","tag-weihnachten-ungarisch-rosa-von-zehnle","tag-widersprueche","tag-wirkliche-zeit","tag-wuensche","tag-wuensche-wider-widersprueche","tag-zenei-kivitelezes","tag-zuversicht"],"post_slider_layout_featured_media_urls":{"thumbnail":"","post_slider_layout_landscape_large":"","post_slider_layout_portrait_large":"","post_slider_layout_square_large":"","post_slider_layout_landscape":"","post_slider_layout_portrait":"","post_slider_layout_square":"","full":""},"uagb_featured_image_src":{"full":false,"thumbnail":false,"medium":false,"medium_large":false,"large":false,"1536x1536":false,"2048x2048":false,"post_slider_layout_landscape_large":false,"post_slider_layout_portrait_large":false,"post_slider_layout_square_large":false,"post_slider_layout_landscape":false,"post_slider_layout_portrait":false,"post_slider_layout_square":false,"sirat-homepage-thumb":false,"woocommerce_thumbnail":false,"woocommerce_single":false,"woocommerce_gallery_thumbnail":false,"audioigniter_cover":false},"uagb_author_info":{"display_name":"RoZe-recherchiert","author_link":"https:\/\/175er-verlag.org\/.recherchiert\/archive\/author\/roze-recherchiert"},"uagb_comment_info":0,"uagb_excerpt":"\ud83c\udded\ud83c\uddfa Rosa von Zehn\u00adle (\u00far) \u2013 CD 1: \u201eK\u00edv\u00e1ns\u00e1\u00adgok az ellent\u00admon\u00add\u00e1\u00adsok ellen: 1984\/1\u201eEze\u00adket (saj\u00e1t) ver\u00adse\u00adket 1984-ben \u00edrtam egy NDK\u2011s b\u00f6r\u00adt\u00f6n\u00adben. \u2013 2024: Negy\u00adven \u00e9vvel k\u00e9s\u0151bb megzen\u00e9s\u00edtettem. Ez Az aj\u00e1n\u00add\u00e9\u00adkom a&nbsp;magyaro\u00adknak Febru\u00e1r 25-\u00e9re, a&nbsp;kom\u00admu\u00adnis\u00adta zsar\u00adnoks\u00e1g magyar \u00e1ldo\u00adza\u00adtainak eml\u00e9\u00adk\u00e9\u00adre.Ez most k\u00fcl\u00f6n\u00adle\u00adges lehe\u00adt\u0151\u00ads\u00e9g: MINDENKI meg\u00adhall\u00adga\u00adthat\u00adja az ELS\u0150 CD\u2011m 26 sz\u00e1\u00adm\u00e1t ak\u00e1r h\u00e1romszor is ingy\u00aden \u00e9s tel\u00adjes hoss\u00adz\u00e1\u00adban. \u2013&hellip;","_links":{"self":[{"href":"https:\/\/175er-verlag.org\/.recherchiert\/wp-json\/wp\/v2\/posts\/4096","targetHints":{"allow":["GET"]}}],"collection":[{"href":"https:\/\/175er-verlag.org\/.recherchiert\/wp-json\/wp\/v2\/posts"}],"about":[{"href":"https:\/\/175er-verlag.org\/.recherchiert\/wp-json\/wp\/v2\/types\/post"}],"author":[{"embeddable":true,"href":"https:\/\/175er-verlag.org\/.recherchiert\/wp-json\/wp\/v2\/users\/1"}],"replies":[{"embeddable":true,"href":"https:\/\/175er-verlag.org\/.recherchiert\/wp-json\/wp\/v2\/comments?post=4096"}],"version-history":[{"count":3,"href":"https:\/\/175er-verlag.org\/.recherchiert\/wp-json\/wp\/v2\/posts\/4096\/revisions"}],"predecessor-version":[{"id":6896,"href":"https:\/\/175er-verlag.org\/.recherchiert\/wp-json\/wp\/v2\/posts\/4096\/revisions\/6896"}],"wp:attachment":[{"href":"https:\/\/175er-verlag.org\/.recherchiert\/wp-json\/wp\/v2\/media?parent=4096"}],"wp:term":[{"taxonomy":"category","embeddable":true,"href":"https:\/\/175er-verlag.org\/.recherchiert\/wp-json\/wp\/v2\/categories?post=4096"},{"taxonomy":"post_tag","embeddable":true,"href":"https:\/\/175er-verlag.org\/.recherchiert\/wp-json\/wp\/v2\/tags?post=4096"}],"curies":[{"name":"wp","href":"https:\/\/api.w.org\/{rel}","templated":true}]}}