{"id":1677,"date":"2024-06-01T14:13:50","date_gmt":"2024-06-01T12:13:50","guid":{"rendered":"https:\/\/175er-verlag.org\/.recherchiert\/?p=1677"},"modified":"2024-07-18T15:43:49","modified_gmt":"2024-07-18T13:43:49","slug":"%f0%9f%87%a9%f0%9f%87%aa-der-bekemenet-friedensmarsch-am-1-juni-2024-%f0%9f%87%ad%f0%9f%87%ba-a-bekemenet-2024-junius-1-jen","status":"publish","type":"post","link":"https:\/\/175er-verlag.org\/.recherchiert\/archive\/1677","title":{"rendered":"\ud83c\udde9\ud83c\uddea Der B\u00e9kemenet (Friedensmarsch) am 1. Juni 2024! \ud83c\udded\ud83c\uddfa A&nbsp;B\u00e9kemenet 2024. j\u00fanius 1\u2011j\u00e9n!"},"content":{"rendered":"\n<div class=\"wp-block-group\"><div class=\"wp-block-group__inner-container is-layout-constrained wp-block-group-is-layout-constrained\">\n<div class=\"wp-block-columns is-layout-flex wp-container-core-columns-is-layout-8f761849 wp-block-columns-is-layout-flex\">\n<div class=\"wp-block-column is-vertically-aligned-top is-layout-flow wp-block-column-is-layout-flow\"><div class=\"wp-block-image is-style-default\">\n<figure data-wp-context=\"{&quot;imageId&quot;:&quot;69f315604ab74&quot;}\" data-wp-interactive=\"core\/image\" data-wp-key=\"69f315604ab74\" class=\"aligncenter size-full wp-lightbox-container\"><img loading=\"lazy\" decoding=\"async\" width=\"1111\" height=\"1111\" data-wp-class--hide=\"state.isContentHidden\" data-wp-class--show=\"state.isContentVisible\" data-wp-init=\"callbacks.setButtonStyles\" data-wp-on--click=\"actions.showLightbox\" data-wp-on--load=\"callbacks.setButtonStyles\" data-wp-on--pointerdown=\"actions.preloadImage\" data-wp-on--pointerenter=\"actions.preloadImageWithDelay\" data-wp-on--pointerleave=\"actions.cancelPreload\" data-wp-on-window--resize=\"callbacks.setButtonStyles\" src=\"https:\/\/175er-verlag.org\/.recherchiert\/wp-content\/uploads\/2024\/06\/Bekemenet-junius-1-m-3.jpg\" alt class=\"wp-image-1686\" srcset=\"https:\/\/175er-verlag.org\/.recherchiert\/wp-content\/uploads\/2024\/06\/Bekemenet-junius-1-m-3.jpg 1111w, https:\/\/175er-verlag.org\/.recherchiert\/wp-content\/uploads\/2024\/06\/Bekemenet-junius-1-m-3-300x300.jpg 300w, https:\/\/175er-verlag.org\/.recherchiert\/wp-content\/uploads\/2024\/06\/Bekemenet-junius-1-m-3-100x100.jpg 100w, https:\/\/175er-verlag.org\/.recherchiert\/wp-content\/uploads\/2024\/06\/Bekemenet-junius-1-m-3-600x600.jpg 600w, https:\/\/175er-verlag.org\/.recherchiert\/wp-content\/uploads\/2024\/06\/Bekemenet-junius-1-m-3-1024x1024.jpg 1024w, https:\/\/175er-verlag.org\/.recherchiert\/wp-content\/uploads\/2024\/06\/Bekemenet-junius-1-m-3-150x150.jpg 150w, https:\/\/175er-verlag.org\/.recherchiert\/wp-content\/uploads\/2024\/06\/Bekemenet-junius-1-m-3-768x768.jpg 768w\" sizes=\"auto, (max-width: 1111px) 100vw, 1111px\"><button class=\"lightbox-trigger\" type=\"button\" aria-haspopup=\"dialog\" data-wp-bind--aria-label=\"state.thisImage.triggerButtonAriaLabel\" data-wp-init=\"callbacks.initTriggerButton\" data-wp-on--click=\"actions.showLightbox\" data-wp-style--right=\"state.thisImage.buttonRight\" data-wp-style--top=\"state.thisImage.buttonTop\">\n\t\t\t<svg width=\"12\" height=\"12\" fill=\"none\" viewBox=\"0 0 12 12\">\n\t\t\t\t<path fill=\"#fff\" d=\"M2 0a2 2 0 0 0-2 2v2h1.5V2a.5.5 0 0 1 .5-.5h2V0H2Zm2 10.5H2a.5.5 0 0 1-.5-.5V8H0v2a2 2 0 0 0 2 2h2v-1.5ZM8 12v-1.5h2a.5.5 0 0 0 .5-.5V8H12v2a2 2 0 0 1-2 2H8Zm2-12a2 2 0 0 1 2 2v2h-1.5V2a.5.5 0 0 0-.5-.5H8V0h2Z\" \/>\n\t\t\t<\/svg>\n\t\t<\/button><figcaption class=\"wp-element-caption\"><mark style=\"background-color:rgba(0, 0, 0, 0)\" class=\"has-inline-color has-black-color\">\ud83c\udde9\ud83c\uddea Ohne Kom\u00admen\u00adtar! \ud83c\udded\ud83c\uddfa Meg\u00adjegy\u00adz\u00e9s n\u00e9lk\u00fcl!<\/mark><\/figcaption><\/figure>\n<\/div><\/div>\n\n\n\n<div class=\"wp-block-column is-layout-flow wp-block-column-is-layout-flow\">\n<p class=\"has-text-align-left wp-block-paragraph\"><strong>\ud83c\udde9\ud83c\uddea Der \u201eB\u00e9ke\u00admen\u00adet\u201c (Frie\u00addens\u00admarsch) hat sich im Lau\u00adfe der Jah\u00adre zur bedeu\u00adtends\u00adten Gro\u00df\u00adde\u00admons\u00adtra\u00adti\u00adon in Ungarn ent\u00adwi\u00adckelt, der j\u00e4hr\u00adlich zwi\u00adschen 300.000 bis 400.00 Teil\u00adneh\u00admer aus ganz Ungarn anzieht und das durch Trans\u00adpa\u00adren\u00adte auf denen die Gemein\u00adden ste\u00adhen, wo sie her\u00adkom\u00admen, um so die Frie\u00addens\u00adpo\u00adli\u00adtik der Orb\u00e1n-Regie\u00adrung zu unter\u00adst\u00fct\u00adzen und um Soli\u00adda\u00adri\u00adt\u00e4t mit dem poli\u00adti\u00adschen Kurs der Fidesz-KNDP-Poli\u00adtik zu zeigen.<\/strong><\/p>\n\n\n\n<p class=\"has-text-align-left wp-block-paragraph\"><strong>\ud83c\udded\ud83c\uddfa A&nbsp;B\u00e9ke\u00admen\u00adet az \u00e9vek sor\u00e1n Magyar\u00ador\u00adsz\u00e1g leg\u00adje\u00adlen\u00adt\u0151\u00adsebb nagys\u00adza\u00adb\u00e1\u00ads\u00fa t\u00fcn\u00adte\u00adt\u00e9\u00ads\u00e9\u00adv\u00e9 n\u0151t\u00adte ki mag\u00e1t, ame\u00adly \u00e9ven\u00adte 300\u200a\u2013\u200a400 ezer r\u00e9sz\u00adt\u00adve\u00adv\u0151t vonz az orsz\u00e1g min\u00adden t\u00e1j\u00e1\u00adr\u00f3l, akik felt\u00adartott tran\u00adszpa\u00adren\u00adsek\u00adkel jel\u00adzik, hogy az Orb\u00e1n-kor\u00adm\u00e1\u00adny b\u00e9k\u00ade\u00adpo\u00adli\u00adti\u00adk\u00e1\u00adj\u00e1t t\u00e1mo\u00adgat\u00adva \u00e9s a&nbsp;Fidesz-KNDP poli\u00adti\u00adk\u00adai kur\u00adzu\u00ads\u00e1\u00adval szo\u00adli\u00adda\u00adri\u00adt\u00e1st v\u00e1ll\u00adal\u00adva mily\u00aden telep\u00fcl\u00e9\u00adse\u00adkr\u0151l \u00e9rkeztek.<\/strong><\/p>\n<\/div>\n<\/div>\n<\/div><\/div>\n\n\n\n<div class=\"wp-block-columns is-layout-flex wp-container-core-columns-is-layout-8f761849 wp-block-columns-is-layout-flex\">\n<div class=\"wp-block-column is-layout-flow wp-block-column-is-layout-flow\">\n<p class=\"wp-block-paragraph\">\ud83c\udde9\ud83c\uddea Der B\u00e9ke\u00admen\u00adet ent\u00adstand in einem poli\u00adti\u00adschen Umfeld, in dem die Fidesz-Par\u00adtei nach acht Jah\u00adren sozia\u00adlis\u00adti\u00adscher Regie\u00adrung (die Ungarn an die Glo\u00adba\u00adlis\u00adten ver\u00adkauf\u00adten) 2010 an die Macht zur\u00fcck\u00adkehr\u00adte und Fidesz nun mit einer Zwei\u00addrit\u00adtel\u00admehr\u00adheit regie\u00adren konn\u00adte. Die Gr\u00fcn\u00addung erfolg\u00adte durch das \u201eCivil \u00d6ss\u00adze\u00adfo\u00adg\u00e1s F\u00f3rum\u201c (C\u00d6F \u2013 Forum f\u00fcr zivi\u00adle Soli\u00adda\u00adri\u00adt\u00e4t), das heu\u00adte die erfolg\u00adreichs\u00adte zivil\u00adge\u00adsell\u00adschaft\u00adli\u00adche Orga\u00adni\u00adsa\u00adti\u00adon in Ungarn ist.<\/p>\n\n\n\n<p class=\"wp-block-paragraph\">Die ers\u00adte \u201eB\u00e9ke\u00admen\u00adet\u201c wur\u00adde 2012 orga\u00adni\u00adsiert, um auf den inter\u00adna\u00adtio\u00adna\u00adlen Druck zu reagie\u00adren und sich gegen die unbe\u00adrech\u00adtig\u00adte inter\u00adna\u00adtio\u00adna\u00adle Kri\u00adtik zu weh\u00adren. Die\u00adser Druck resul\u00adtier\u00adte aus der welt\u00adwei\u00adten Finanz\u00adkri\u00adse von 2008 und durch sie hat\u00adte Ungarn erheb\u00adli\u00adche wirt\u00adschaft\u00adli\u00adche Schwie\u00adrig\u00adkei\u00adten, wor\u00adauf die Orb\u00e1n-Regie\u00adrung umfas\u00adsen\u00adde Refor\u00admen durch\u00adf\u00fchr\u00adte, um das Land zu ret\u00adten, zu st\u00e4r\u00adken und zu festigen.<\/p>\n\n\n\n<p class=\"wp-block-paragraph\">Ob \u00c4nde\u00adrun\u00adgen im Steu\u00ader\u00adrecht, Ban\u00adken\u00adsek\u00adtor, der Ver\u00adfas\u00adsung, in der Jus\u00adtiz und die Wahl\u00adge\u00adset\u00adze, egal was die Regie\u00adrung tat, wur\u00adde von der EU und deren Mit\u00adglied\u00adstaa\u00adten, allen vor\u00adan die BRD, kri\u00adti\u00adsiert und Ungarn wur\u00adde nicht nur Gewal\u00adten\u00adtei\u00adlung zu unter\u00adgra\u00adben, son\u00addern auch demo\u00adkra\u00adti\u00adsche Stan\u00addards zu gef\u00e4hr\u00adden, vorgeworfen.<\/p>\n\n\n\n<p class=\"wp-block-paragraph\">Auch das Medi\u00aden\u00adge\u00adsetz wur\u00adde ge\u00e4n\u00addert, aber nicht zum Nach\u00adteil einer poli\u00adti\u00adschen Rich\u00adtung, denn die unga\u00adri\u00adschen Medi\u00aden\u00adland\u00adschaft ist \u2013 zu fast glei\u00adchen Antei\u00adlen \u2013 in drei poli\u00adti\u00adsche Berei\u00adche geglie\u00addert, n\u00e4m\u00adlich kon\u00adser\u00adva\u00adtiv, libe\u00adral und links. Ein Zustand, an dem sich das dik\u00adta\u00adto\u00adri\u00adsche links\u00adgr\u00fcn\u00adfa\u00adschis\u00adto\u00adide BRD-Sys\u00adtem ein Bei\u00adspiel neh\u00admen sollte.<\/p>\n\n\n\n<p class=\"wp-block-paragraph\">Alle \u00c4nde\u00adrun\u00adgen pa\u00df\u00adten der sozia\u00adlis\u00adti\u00adschen EU in Br\u00fcs\u00adsel nicht und so ent\u00adstand ein mas\u00adsi\u00adver Druck auf Ungran, bis hin zu den heu\u00adti\u00adgen und schon seit Jah\u00adren andau\u00adern\u00adden Sank\u00adtio\u00adnen gegen ein befreun\u00adde\u00adtes Mit\u00adglieds\u00adland. Was f\u00fcr eine Heuchelei!<br><\/p>\n\n\n\n<p class=\"wp-block-paragraph\"><strong>Die Zie\u00adle der&nbsp;C\u00d6F:<\/strong><\/p>\n\n\n\n<ul class=\"wp-block-list\">\n<li>die Unter\u00adst\u00fct\u00adzung der Regierungspolitik;<\/li>\n\n\n\n<li>die F\u00f6r\u00adde\u00adrung des natio\u00adna\u00adlen Zusammenhalt;<\/li>\n\n\n\n<li>die Beto\u00adnung der natio\u00adna\u00adlen Sou\u00adve\u00adr\u00e4\u00adni\u00adt\u00e4t, Unab\u00adh\u00e4n\u00adgig\u00adkeit und Identit\u00e4t;<\/li>\n\n\n\n<li>die F\u00f6r\u00adde\u00adrung von patrio\u00adti\u00adschen Wer\u00adten und des Gemein\u00adschafts\u00adgeis\u00adtes.<br>Und das wich\u00adtigs\u00adte&nbsp;Ziel:<\/li>\n\n\n\n<li>der Wunsch aller Ungarn nach Frie\u00adden und Sta\u00adbi\u00adli\u00adt\u00e4t&nbsp;und<\/li>\n\n\n\n<li>die strik\u00adte Ableh\u00adnung von Krieg und Kon\u00adflik\u00adten, egal wo auf die\u00adser&nbsp;Welt!<br><\/li>\n<\/ul>\n\n\n\n<p class=\"wp-block-paragraph\"><strong>Quint\u00adessenz:<\/strong><br>Der B\u00e9ke\u00admen\u00adet ist ein leben\u00addi\u00adges Zeug\u00adnis des unga\u00adri\u00adschen Stre\u00adbens nach Frie\u00adden, Ein\u00adheit und tra\u00addi\u00adtio\u00adnel\u00adlen Wer\u00adten und er zeigt, da\u00df die unga\u00adri\u00adsche Gesell\u00adschaft bereit ist, zusam\u00admen\u00adzu\u00adkom\u00admen und f\u00fcr ihre \u00dcber\u00adzeu\u00adgun\u00adgen ver\u00ads\u00f6hn\u00adlich ein\u00adzu\u00adtre\u00adten.<br>Und dar\u00adan soll\u00adten sich ALLE EU-Staa\u00adten ein Bei\u00adspiel neh\u00admen, vor Allem aber die immer vor\u00adan\u00adschrei\u00adten\u00adde kriegs\u00adtrei\u00adben\u00adde links\u00adpo\u00adli\u00adti\u00adsche BRD \u2013 nicht die Bev\u00f6l\u00adke\u00adrung, die auch KEINEN Krieg&nbsp;will.<\/p>\n<\/div>\n\n\n\n<div class=\"wp-block-column is-layout-flow wp-block-column-is-layout-flow\">\n<p class=\"wp-block-paragraph\">\ud83c\udded\ud83c\uddfa A&nbsp;B\u00e9ke\u00admen\u00adet oly\u00adan poli\u00adti\u00adk\u00adai k\u00f6r\u00adnye\u00adzet\u00adben kelet\u00adke\u00adzett, ame\u00adly\u00adben a&nbsp;Fidesz nyolc \u00e9v szo\u00adcia\u00adlis\u00adta kor\u00adm\u00e1\u00adny\u00adz\u00e1s ut\u00e1n (ame\u00adly eladta Magyar\u00ador\u00adsz\u00e1\u00adgot a&nbsp;glo\u00adba\u00adlis\u00adt\u00e1\u00adknak) 2010-ben viss\u00adza\u00adt\u00e9rt a&nbsp;hat\u00ada\u00adlom\u00adba, \u00e9s k\u00e9t\u00adhar\u00adma\u00addos t\u00f6bbs\u00e9g\u00adgel kor\u00adm\u00e1\u00adn\u00adyoz\u00adha\u00adtott. Alap\u00ed\u00adt\u00f3\u00adja a&nbsp;Civil \u00d6ss\u00adze\u00adfo\u00adg\u00e1s F\u00f3rum (C\u00d6F), ame\u00adly ma Magyar\u00ador\u00adsz\u00e1g leg\u00adsike\u00adre\u00adsebb civil szervezete.<\/p>\n\n\n\n<p class=\"wp-block-paragraph\">Az els\u0151 \u201eB\u00e9ke\u00admen\u00ade\u00adtet\u201d 2012-ben szer\u00advez\u00adt\u00e9k meg, hogy reag\u00e1l\u00adja\u00adnak a&nbsp;nem\u00adzet\u00adk\u00f6\u00adzi nyom\u00e1s\u00adra \u00e9s v\u00e9de\u00adkez\u00adze\u00adnek az indo\u00adkolat\u00adlan nem\u00adzet\u00adk\u00f6\u00adzi kri\u00adti\u00adk\u00e1k ellen. Ezt a&nbsp;nyom\u00e1st a&nbsp;2008-as glo\u00adb\u00e1\u00adlis p\u00e9n\u00adz\u00fc\u00adgyi v\u00e1ls\u00e1g okoz\u00adta, ame\u00adly Magyar\u00ador\u00adsz\u00e1\u00adgot jelen\u00adt\u0151s gaz\u00addas\u00e1\u00adgi neh\u00e9z\u00ads\u00e9\u00adgek\u00adbe sod\u00adorta, ez\u00e9rt az Orb\u00e1n-kor\u00adm\u00e1\u00adny \u00e1tfo\u00adg\u00f3 refor\u00admo\u00adkat haj\u00adtott v\u00e9g\u00adre az orsz\u00e1g meg\u00admen\u00adt\u00e9\u00adse, meger\u0151\u00ads\u00ed\u00adt\u00e9\u00adse \u00e9s kon\u00adszo\u00adli\u00add\u00e1\u00adl\u00e1\u00adsa \u00e9rdek\u00e9ben.<\/p>\n\n\n\n<p class=\"wp-block-paragraph\">Ak\u00e1r az ad\u00f3\u00adt\u00f6r\u00adv\u00e9\u00adnyt, ak\u00e1r a&nbsp;bank\u00adszekt\u00adort, az alkot\u00adm\u00e1\u00adnyt, az igaz\u00ads\u00e1gs\u00adzol\u00adg\u00e1l\u00adta\u00adt\u00e1st vagy a&nbsp;v\u00e1lasz\u00adt\u00e1\u00adsi t\u00f6r\u00adv\u00e9\u00adny\u00ade\u00adket \u00e9rin\u00adt\u0151 v\u00e1l\u00adto\u00adz\u00e1\u00adso\u00adkr\u00f3l volt sz\u00f3, b\u00e1r\u00admit is tett a&nbsp;kor\u00adm\u00e1\u00adny, az EU \u00e9s tag\u00e1ll\u00adamai \u2013 min\u00adde\u00adne\u00adkel\u0151tt N\u00e9me\u00adtor\u00adsz\u00e1g \u2013 b\u00edr\u00e1l\u00adt\u00e1k, \u00e9s Magyar\u00ador\u00adsz\u00e1\u00adgot nemc\u00adsak a&nbsp;hat\u00adal\u00admi \u00e1gak sz\u00e9t\u00adv\u00e1\u00adlasz\u00adt\u00e1\u00ads\u00e1\u00adnak al\u00e1\u00e1s\u00e1s\u00e1val,hanem a&nbsp;demo\u00adkra\u00adti\u00adkus nor\u00adm\u00e1k ves\u00adz\u00e9\u00adlyez\u00adte\u00adt\u00e9\u00ads\u00e9\u00advel is v\u00e1dolt\u00e1k.<\/p>\n\n\n\n<p class=\"wp-block-paragraph\">A m\u00e9dia\u00adt\u00f6r\u00adv\u00e9\u00adnyt is m\u00f3do\u00ads\u00ed\u00adtot\u00adt\u00e1k, de nem egy poli\u00adti\u00adk\u00adai ir\u00e1\u00adny\u00adzat rov\u00e1\u00ads\u00e1\u00adra, his\u00adzen a&nbsp;magyar m\u00e9dia\u00adt\u00e9r \u2013 k\u00f6zel egy\u00aden\u00adl\u0151 ar\u00e1\u00adny\u00adban \u2013 h\u00e1rom poli\u00adti\u00adk\u00adai ir\u00e1\u00adny\u00adz\u00ada\u00adtra oszlik: kon\u00adzer\u00adva\u00adt\u00edv, liber\u00e1\u00adlis \u00e9s balold\u00ada\u00adli. Ez oly\u00adan t\u00e9ny\u00e1l\u00adl\u00e1s, amir\u0151l a&nbsp;dik\u00adta\u00adt\u00f3ri\u00adkus balold\u00ada\u00adli z\u00f6ld\u00adfa\u00adsisz\u00adta NSZK-rends\u00adzer\u00adnek p\u00e9l\u00add\u00e1t kel\u00adle\u00adne vennie.<\/p>\n\n\n\n<p class=\"wp-block-paragraph\">A br\u00fcss\u00adze\u00adli szo\u00adcia\u00adlis\u00adta EU-nak egy\u00adet\u00adlen v\u00e1l\u00adto\u00adz\u00e1s sem tets\u00adzett, ez\u00e9rt hat\u00adal\u00admas, nap\u00adja\u00adin\u00adkig tar\u00adt\u00f3 nyom\u00e1s nehe\u00adze\u00addett Magyar\u00ador\u00adsz\u00e1\u00adgra, bele\u00e9rt\u00adve a&nbsp;mosta\u00adni szank\u00adci\u00f3\u00adkat is, ame\u00adly\u00ade\u00adket Magyar\u00ador\u00adsz\u00e1g ellen, mint bar\u00e1\u00adti tag\u00e1l\u00adlam ellen hoz\u00adtak, \u00e9s ame\u00adly\u00adek \u00e9vek \u00f3ta fen\u00adn\u00e1ll\u00adnak. Mic\u00adso\u00adda k\u00e9pmutat\u00e1s!<br><\/p>\n\n\n\n<p class=\"wp-block-paragraph\"><strong>A C\u00d6F c\u00e9ljai:<\/strong><\/p>\n\n\n\n<ul class=\"wp-block-list\">\n<li>A kor\u00adm\u00e1\u00adny\u00adza\u00adti poli\u00adti\u00adka t\u00e1mogat\u00e1sa;<\/li>\n\n\n\n<li>a nem\u00adze\u00adti koh\u00e9\u00adzi\u00f3 el\u0151mozd\u00edt\u00e1sa<\/li>\n\n\n\n<li>a nem\u00adze\u00adti szu\u00adver\u00adeni\u00adt\u00e1s, f\u00fcg\u00adget\u00adlen\u00ads\u00e9g \u00e9s iden\u00adti\u00adt\u00e1s hangs\u00falyoz\u00e1sa;<\/li>\n\n\n\n<li>a haza\u00adfi\u00adas \u00e9rt\u00e9\u00adkek \u00e9s a&nbsp;k\u00f6z\u00f6s\u00ads\u00e9\u00adgi szel\u00adlem el\u0151\u00admoz\u00add\u00ed\u00adt\u00e1\u00adsa.<br>\u00c9s a&nbsp;leg\u00adfon\u00adtosabb c\u00e9l:<\/li>\n\n\n\n<li>min\u00adden magyar ember v\u00e1gya a&nbsp;b\u00e9k\u00e9\u00adre \u00e9s a&nbsp;sta\u00adbi\u00adli\u00adt\u00e1s\u00adra,&nbsp;\u00e9s<\/li>\n\n\n\n<li>a h\u00e1bor\u00fa \u00e9s a&nbsp;kon\u00adflik\u00adtusok szi\u00adgor\u00fa elutas\u00ed\u00adt\u00e1\u00adsa, a&nbsp;vil\u00e1g b\u00e1r\u00adme\u00adly pontj\u00e1n!<br><\/li>\n<\/ul>\n\n\n\n<p class=\"wp-block-paragraph\"><strong>Kvint\u00adess\u00adzen\u00adcia:<\/strong><br>A b\u00e9ke\u00admen\u00adet a&nbsp;magyarok b\u00e9k\u00e9\u00adre, egy\u00ads\u00e9g\u00adre \u00e9s hagyom\u00e1\u00adn\u00ady\u00ados \u00e9rt\u00e9\u00adkek\u00adre val\u00f3 t\u00f6rek\u00adv\u00e9\u00ads\u00e9\u00adnek \u00e9l\u0151 biz\u00adony\u00ed\u00adt\u00e9\u00adka, \u00e9s azt mutat\u00adja, hogy a&nbsp;magyar t\u00e1rs\u00adada\u00adlom k\u00e9sz \u00f6ss\u00adze\u00adfo\u00adgni \u00e9s b\u00e9k\u00e9\u00adsen ki\u00e1ll\u00adni meg\u00adgy\u0151\u00adz\u0151\u00add\u00e9s\u00adei mel\u00adlett.<br>\u00c9s ezt MINDEN EU\u2011s tag\u00e1l\u00adlam p\u00e9l\u00add\u00e1\u00adnak kel\u00adle\u00adne, hogy tek\u00adint\u00adse, k\u00fcl\u00f6n\u00f6\u00adsen az egy\u00adre el\u0151\u00adre\u00adt\u00f6r\u0151 h\u00e1bor\u00fas usz\u00ed\u00adt\u00f3, poli\u00adti\u00adk\u00adai\u00adlag balold\u00ada\u00adli NSZK, nem pedig a&nbsp;lakos\u00ads\u00e1g, ame\u00adly szin\u00adt\u00e9n NEM akar h\u00e1bor\u00fat.<\/p>\n<\/div>\n<\/div>\n\n\n\n<p class=\"has-text-align-center wp-block-paragraph\"><strong><em>Rosa von Zehn\u00adle \u00far \u2013 \u00dajud\u00advar<\/em><\/strong><br><a href=\"https:\/\/www.1956-szabadsag-kiado.hu\">https:\/\/www.1956-szabadsag-kiado.hu<\/a><br><br>\ud83c\udde9\ud83c\uddea Das Kurz\u00advi\u00addeo (Nr. 28) zum Bei\u00adtrag hier:<br>\ud83c\udded\ud83c\uddfaA cikk\u00adhez k\u00e9s\u00adz\u00fclt r\u00f6vid vide\u00f3 (28. sz.) itt:<br><a href=\"https:\/\/t1p.de\/2024-bekemenet-k\">https:\/\/t1p.de\/2024-bekemenet\u2011k<\/a><\/p>\n\n\n\n<p class=\"has-text-align-center wp-block-paragraph\">\ud83c\udde9\ud83c\uddea Erschie\u00adnen auch hier:<br>\ud83c\udded\ud83c\uddfa Itt is meg\u00adje\u00adlent:<br><a href=\"https:\/\/www.facebook.com\/share\/p\/8XuNmWjdVrDXr13S\/\">https:\/\/www.facebook.com\/share\/p\/8XuNmWjdVrDXr13S\/<\/a><br>und nur \ud83c\udde9\ud83c\uddea hier:<br><a href=\"https:\/\/t1p.de\/2024-bekemenet\">https:\/\/t1p.de\/2024-bekemenet<\/a><\/p>\n<p>Views: 3<\/p>","protected":false},"excerpt":{"rendered":"<p>\ud83c\udde9\ud83c\uddea Der \u201eB\u00e9ke\u00admen\u00adet\u201c (Frie\u00addens\u00admarsch) hat sich im Lau\u00adfe der Jah\u00adre zur bedeu\u00adtends\u00adten Gro\u00df\u00adde\u00admons\u00adtra\u00adti\u00adon in Ungarn ent\u00adwi\u00adckelt, der j\u00e4hr\u00adlich zwi\u00adschen 300.000 bis 400.00 Teil\u00adneh\u00admer aus ganz Ungarn anzieht und das durch Trans\u00adpa\u00adren\u00adte auf denen die Gemein\u00adden ste\u00adhen, wo sie her\u00adkom\u00admen, um so die Frie\u00addens\u00adpo\u00adli\u00adtik der Orb\u00e1n-Regie\u00adrung zu unter\u00adst\u00fct\u00adzen und um Soli\u00adda\u00adri\u00adt\u00e4t mit dem poli\u00adti\u00adschen Kurs&nbsp;der&nbsp;[\u2026]<\/p>\n","protected":false},"author":1,"featured_media":0,"comment_status":"open","ping_status":"open","sticky":false,"template":"","format":"standard","meta":{"_crdt_document":"","_regular_price":[],"currency_symbol":[],"_uag_custom_page_level_css":"","wp_typography_post_enhancements_disabled":false,"footnotes":""},"categories":[261,4],"tags":[195,177,188,189,183,182,196,193,207,200,206,179,197,145,159,180,198,215,176,157,184,204,190,185,133,209,205,208,199,213,203,187,178,214,210,212,192,194,202,201,181,191,121,186],"class_list":["post-1677","post","type-post","status-publish","format-standard","hentry","category-texte-zoeveg-de-hu","category-ungarn-hu-de","tag-baloldali","tag-bekemenet","tag-budapest","tag-civil-oesszefogas-forum","tag-coef","tag-demonstracio","tag-ellenzeki","tag-europai","tag-europaeisch","tag-friedensmarsch","tag-herausragend","tag-hirtv","tag-jobboldali","tag-konservativ","tag-konzervativ","tag-kormanyparti","tag-lelekszamot","tag-links","tag-magyar-nemzet","tag-magyarorszag","tag-medium","tag-menschenmenge","tag-mti","tag-nepszava","tag-opposition","tag-politisch","tag-pressemitteilung","tag-prozession","tag-realisan","tag-rechts","tag-regierungsnah","tag-resztvevok","tag-sajtokoezlemenyt","tag-schwarzseher","tag-sozialdemokratisch","tag-sozialistisch","tag-szocialdemokrata","tag-szocialista","tag-teilnehmer","tag-teilnehmerzahlen","tag-toemeg","tag-ujsag","tag-ungarn","tag-veszmadarkodok"],"post_slider_layout_featured_media_urls":{"thumbnail":"","post_slider_layout_landscape_large":"","post_slider_layout_portrait_large":"","post_slider_layout_square_large":"","post_slider_layout_landscape":"","post_slider_layout_portrait":"","post_slider_layout_square":"","full":""},"uagb_featured_image_src":{"full":false,"thumbnail":false,"medium":false,"medium_large":false,"large":false,"1536x1536":false,"2048x2048":false,"post_slider_layout_landscape_large":false,"post_slider_layout_portrait_large":false,"post_slider_layout_square_large":false,"post_slider_layout_landscape":false,"post_slider_layout_portrait":false,"post_slider_layout_square":false,"sirat-homepage-thumb":false,"woocommerce_thumbnail":false,"woocommerce_single":false,"woocommerce_gallery_thumbnail":false,"audioigniter_cover":false},"uagb_author_info":{"display_name":"RoZe-recherchiert","author_link":"https:\/\/175er-verlag.org\/.recherchiert\/archive\/author\/roze-recherchiert"},"uagb_comment_info":0,"uagb_excerpt":"\ud83c\udde9\ud83c\uddea Der \u201eB\u00e9ke\u00admen\u00adet\u201c (Frie\u00addens\u00admarsch) hat sich im Lau\u00adfe der Jah\u00adre zur bedeu\u00adtends\u00adten Gro\u00df\u00adde\u00admons\u00adtra\u00adti\u00adon in Ungarn ent\u00adwi\u00adckelt, der j\u00e4hr\u00adlich zwi\u00adschen 300.000 bis 400.00 Teil\u00adneh\u00admer aus ganz Ungarn anzieht und das durch Trans\u00adpa\u00adren\u00adte auf denen die Gemein\u00adden ste\u00adhen, wo sie her\u00adkom\u00admen, um so die Frie\u00addens\u00adpo\u00adli\u00adtik der Orb\u00e1n-Regie\u00adrung zu unter\u00adst\u00fct\u00adzen und um Soli\u00adda\u00adri\u00adt\u00e4t mit dem poli\u00adti\u00adschen Kurs der&hellip;","_links":{"self":[{"href":"https:\/\/175er-verlag.org\/.recherchiert\/wp-json\/wp\/v2\/posts\/1677","targetHints":{"allow":["GET"]}}],"collection":[{"href":"https:\/\/175er-verlag.org\/.recherchiert\/wp-json\/wp\/v2\/posts"}],"about":[{"href":"https:\/\/175er-verlag.org\/.recherchiert\/wp-json\/wp\/v2\/types\/post"}],"author":[{"embeddable":true,"href":"https:\/\/175er-verlag.org\/.recherchiert\/wp-json\/wp\/v2\/users\/1"}],"replies":[{"embeddable":true,"href":"https:\/\/175er-verlag.org\/.recherchiert\/wp-json\/wp\/v2\/comments?post=1677"}],"version-history":[{"count":0,"href":"https:\/\/175er-verlag.org\/.recherchiert\/wp-json\/wp\/v2\/posts\/1677\/revisions"}],"wp:attachment":[{"href":"https:\/\/175er-verlag.org\/.recherchiert\/wp-json\/wp\/v2\/media?parent=1677"}],"wp:term":[{"taxonomy":"category","embeddable":true,"href":"https:\/\/175er-verlag.org\/.recherchiert\/wp-json\/wp\/v2\/categories?post=1677"},{"taxonomy":"post_tag","embeddable":true,"href":"https:\/\/175er-verlag.org\/.recherchiert\/wp-json\/wp\/v2\/tags?post=1677"}],"curies":[{"name":"wp","href":"https:\/\/api.w.org\/{rel}","templated":true}]}}